{"id":2221,"__str__":"INDICA\u00c7\u00d5ES n\u00ba 122 de 2023","link_detail_backend":"/materia/2221","metadata":{},"numero":122,"ano":2023,"numero_protocolo":null,"data_apresentacao":"2023-04-04","tipo_apresentacao":"E","data_publicacao":null,"numero_origem_externa":"","ano_origem_externa":null,"data_origem_externa":"2023-04-05","apelido":"","dias_prazo":null,"data_fim_prazo":null,"em_tramitacao":false,"polemica":false,"objeto":"","complementar":false,"ementa":"Exm\u00ba. Sr. Presidente da C\u00e2mara Municipal de Pocon\u00e9-MT.\r\n\r\nA Vereadora que a esta subscreve, nos termos do Regimento Interno da Casa, INDICA as Suas Excel\u00eancias Ata\u00edl Marques do Amaral, Prefeito Municipal, Ney Rondon Marques, Secret\u00e1rio Municipal de Infraestrutura, tomadas de provid\u00eancias necess\u00e1rias para efetuar a substitui\u00e7\u00e3o de l\u00e2mpadas convencionais por LED em todas as vias p\u00fablicas do Bairro Jurumirim, cidade de Pocon\u00e9 \u2013 MT.\r\n\r\nA troca das l\u00e2mpadas convencionais por LED tem o objetivo de melhorar a seguran\u00e7a dos moradores e transeuntes uma vez que proporciona mais luminosidade.\r\n\r\n                        Sala das Sess\u00f5es \u201cJosefa Gon\u00e7alves\u201d, 03 de abril de 2023.\r\n\r\n                           \r\n                         Vereadora Jocilma Amaral, UB.","indexacao":"","observacao":"","resultado":"","texto_original":"http://sapl.pocone.mt.leg.br/media/sapl/public/materialegislativa/2023/2221/indicacao_-vereadora_jocilma_no_04-2023.pdf","data_ultima_atualizacao":"2023-04-05T13:24:42.319379-03:00","ip":"201.71.140.251","ultima_edicao":"2023-04-05T13:23:30.633949-03:00","tipo":7,"regime_tramitacao":1,"tipo_origem_externa":null,"local_origem_externa":1,"user":9,"anexadas":[],"autores":[26]}