{"id":2217,"__str__":"INDICA\u00c7\u00d5ES n\u00ba 118 de 2023","link_detail_backend":"/materia/2217","metadata":{},"numero":118,"ano":2023,"numero_protocolo":null,"data_apresentacao":"2023-04-04","tipo_apresentacao":"E","data_publicacao":null,"numero_origem_externa":"","ano_origem_externa":null,"data_origem_externa":"2023-04-05","apelido":"","dias_prazo":null,"data_fim_prazo":null,"em_tramitacao":false,"polemica":false,"objeto":"","complementar":false,"ementa":"Exm\u00ba. Sr\u00ba. Presidente da C\u00e2mara Municipal de Pocon\u00e9 - MT.\r\n \r\nA Vereadora que a esta subscreve, nos termos do Regimento Interno da Casa, ouvido o Plen\u00e1rio, Indica as Suas Excel\u00eancias Ata\u00edl Marques do Amaral, Prefeito Municipal, Ney Rondon Marques, Secret\u00e1rio Municipal de Infraestrutura, a necessidade de buscar entendimentos com a comunidade para efetuar reforma da ponte de madeira localizada no primeiro Linh\u00e3o do Programa de Assentamento Carrijo, munic\u00edpio de Pocon\u00e9-MT. \r\n\r\nSala das Sess\u00f5es \u201cJosefa Gon\u00e7alves\u201d, em 03 de abril de 2023.\r\n\r\nVereadora F\u00e1tima de Aquino \u201cFaf\u00e1 do Sindicato\u201d, PSB.","indexacao":"","observacao":"","resultado":"","texto_original":"http://sapl.pocone.mt.leg.br/media/sapl/public/materialegislativa/2023/2217/indicacao_no_012-2023..pdf","data_ultima_atualizacao":"2023-04-05T12:29:34.014687-03:00","ip":"201.71.140.251","ultima_edicao":"2023-04-05T12:26:20.199541-03:00","tipo":7,"regime_tramitacao":1,"tipo_origem_externa":null,"local_origem_externa":1,"user":9,"anexadas":[],"autores":[28]}