{"id":2213,"__str__":"INDICA\u00c7\u00d5ES n\u00ba 115 de 2023","link_detail_backend":"/materia/2213","metadata":{},"numero":115,"ano":2023,"numero_protocolo":null,"data_apresentacao":"2023-03-28","tipo_apresentacao":"E","data_publicacao":null,"numero_origem_externa":"","ano_origem_externa":null,"data_origem_externa":"2023-03-30","apelido":"","dias_prazo":null,"data_fim_prazo":null,"em_tramitacao":false,"polemica":false,"objeto":"","complementar":false,"ementa":"Exm\u00ba.Sr. Presidente da C\u00e2mara Municipal de Pocon\u00e9-MT.\r\n\r\n O Vereador que a este subscreve, nos termos do Regimento Interno da Casa, ouvindo o Plen\u00e1rio, INDICA as Suas Excel\u00eancias o Senhor Ata\u00edl Marques do Amaral, Prefeito Municipal, Senhora Joelma Gomes da Silva, Secret\u00e1ria Municipal de A\u00e7\u00e3o Social Emprego e Renda, Senador Jayme Campos, Deputado Federal Juarez Costa, Deputados Estaduais Jana\u00edna Riva e Thiago Silva, no sentido de buscar entendimentos e tomadas de providencias para viabilizar junto ao Governo do Estado ou via emendas parlamentares na aquisi\u00e7\u00e3o de Torno Eletr\u00f4nico, com sistema de varia\u00e7\u00e3o de velocidade acionado eletronicamente, para tornar a vida ceramista da comunidade Cap\u00e3o de Angico, ainda mais harmoniosa, moderna e produzir essas com mais qualidade. \r\n\r\nSala das Sess\u00f5es, \u201cJosefa Gon\u00e7alves\u201d, em 27 de mar\u00e7o de 2023.\r\n\r\n\r\nVer. M\u00e1rcio Fernandes, \u201cMarcinho\u201d, MDB.","indexacao":"","observacao":"","resultado":"","texto_original":"http://sapl.pocone.mt.leg.br/media/sapl/public/materialegislativa/2023/2213/indicacao_no_026-2023.pdf","data_ultima_atualizacao":"2023-03-30T12:23:59.600578-03:00","ip":"201.71.140.251","ultima_edicao":"2023-03-30T12:22:42.141222-03:00","tipo":7,"regime_tramitacao":1,"tipo_origem_externa":null,"local_origem_externa":1,"user":9,"anexadas":[],"autores":[21]}