{"id":2205,"__str__":"INDICA\u00c7\u00d5ES n\u00ba 107 de 2023","link_detail_backend":"/materia/2205","metadata":{},"numero":107,"ano":2023,"numero_protocolo":null,"data_apresentacao":"2023-03-28","tipo_apresentacao":"E","data_publicacao":null,"numero_origem_externa":"","ano_origem_externa":null,"data_origem_externa":"2023-03-30","apelido":"","dias_prazo":null,"data_fim_prazo":null,"em_tramitacao":false,"polemica":false,"objeto":"","complementar":false,"ementa":"Exm\u00ba. Sr. Presidente da C\u00e2mara Municipal de Pocon\u00e9-MT.\r\n\r\nO vereador que a esta subscreve, nos termos do Regimento Interno da Casa, ouvido o Plen\u00e1rio, Indica a Sua Excel\u00eancia Joelma Gomes da Silva, Secret\u00e1ria Municipal de A\u00e7\u00e3o Social Emprego e Renda, no sentido de estudar a viabilidade de celebra\u00e7\u00e3o de parceria entre a Secretaria Municipal de A\u00e7\u00e3o Social, Emprego e Renda e a \u00d3tica Diniz com objetivo de trazer para a cidade de Pocon\u00e9 o Projeto Diniz no seu bairro, com v\u00e1rias op\u00e7\u00f5es de \u00f3culos de graus adultos e infantis, exames gratuitos e atendimento especializado com uma equipe altamente qualificada.\r\n\r\n      Sala das Sess\u00f5es \u201cJosefa Gon\u00e7alves\u201d, 27 de mar\u00e7o de 2023.           \r\n\r\n                     Vereador Lu\u00eds Eduardo \u201cDudu Carrapato\u201d, PSDB.","indexacao":"","observacao":"","resultado":"","texto_original":"http://sapl.pocone.mt.leg.br/media/sapl/public/materialegislativa/2023/2205/indicacao_no_010-2023..pdf","data_ultima_atualizacao":"2023-03-30T11:17:39.924343-03:00","ip":"201.71.140.251","ultima_edicao":"2023-03-30T11:16:29.286009-03:00","tipo":7,"regime_tramitacao":1,"tipo_origem_externa":null,"local_origem_externa":1,"user":9,"anexadas":[],"autores":[18]}