{"id":2204,"__str__":"INDICA\u00c7\u00d5ES n\u00ba 106 de 2023","link_detail_backend":"/materia/2204","metadata":{},"numero":106,"ano":2023,"numero_protocolo":null,"data_apresentacao":"2023-03-28","tipo_apresentacao":"E","data_publicacao":null,"numero_origem_externa":"","ano_origem_externa":null,"data_origem_externa":"2023-03-30","apelido":"","dias_prazo":null,"data_fim_prazo":null,"em_tramitacao":false,"polemica":false,"objeto":"","complementar":false,"ementa":"Exm\u00ba. Sr. Presidente da C\u00e2mara Municipal de Pocon\u00e9-MT.\r\n \r\nO Vereador que a esta subscreve, nos termos do Regimento Interno da Casa, INDICA A Mesa Diretora da C\u00e2mara Municipal de Pocon\u00e9, ao Senador Wellington Ant\u00f4nio Fagundes, a SINFRA-MT, Secretaria de Estado e Infraestrutura, a SEMA-MT, Secretaria de Estado e Meio Ambiente, a Companhia Mato-grossense de Minera\u00e7\u00e3o \u2013 METAMAT, Prefeitura Municipal de Pocon\u00e9, a Ag\u00eancia Nacional de Minera\u00e7\u00e3o (ANM-MT), a Energisa \u2013 Diretoria Executiva \u2013 Presidente Gabriel Alves Pereira Junior, aos cuidados da senhora Danielly Pacheco Souza, respons\u00e1vel pelo Relacionamento com Clientes e Poder P\u00fablico, ao Corpo de Bombeiros de Pocon\u00e9, ao Sindicato Rural, a classe dos empres\u00e1rio e fazendeiros na extens\u00e3o da Transpantaneira, ao Conselho Municipal de Meio Ambiente.\r\n\r\nSala das Sess\u00f5es \u201cJosefa Gon\u00e7alves\u201d, 20 de mar\u00e7o de 2023.\r\n                     \r\n\r\n\r\n                     Vereador Lu\u00eds Eduardo \u201cDudu Carrapato\u201d, PSDB.","indexacao":"","observacao":"","resultado":"","texto_original":"http://sapl.pocone.mt.leg.br/media/sapl/public/materialegislativa/2023/2204/indicacao_no_009-2023..pdf","data_ultima_atualizacao":"2023-03-30T11:16:15.091396-03:00","ip":"201.71.140.251","ultima_edicao":"2023-03-30T11:14:56.764113-03:00","tipo":7,"regime_tramitacao":1,"tipo_origem_externa":null,"local_origem_externa":1,"user":9,"anexadas":[],"autores":[18]}