{"id":2185,"__str__":"INDICA\u00c7\u00d5ES n\u00ba 90 de 2023","link_detail_backend":"/materia/2185","metadata":{},"numero":90,"ano":2023,"numero_protocolo":null,"data_apresentacao":"2023-03-21","tipo_apresentacao":"E","data_publicacao":null,"numero_origem_externa":"","ano_origem_externa":null,"data_origem_externa":"2023-03-23","apelido":"","dias_prazo":null,"data_fim_prazo":null,"em_tramitacao":false,"polemica":false,"objeto":"","complementar":false,"ementa":"Exm\u00ba. Sr. Presidente da C\u00e2mara Municipal de Pocon\u00e9-MT.\r\n\r\nAs Vereadoras que a esta subscreve, nos termos do Regimento Interno da Casa, INDICAM as Suas Excel\u00eancias: Prefeito Municipal de Pocon\u00e9, Tat\u00e1 Amaral, Secret\u00e1rio de Desenvolvimento Urbano e Econ\u00f4mico, Amaral Junior, Diretora de Obras Carlina Falc\u00e3o, A CDL, A CooperPocon\u00e9, Ao Sicred, Aos empres\u00e1rios da regi\u00e3o central de Pocon\u00e9, Pra\u00e7a Bem Rondon. Para que participem de uma reuni\u00e3o com intuito de discutir a restaura\u00e7\u00e3o e adequa\u00e7\u00e3o da Pra\u00e7a Bem Rondon, com poss\u00edvel constru\u00e7\u00e3o em um de seus canteiros de um parque infantil.\r\n\r\nSala das Sess\u00f5es \u201cJosefa Gon\u00e7alves\u201d, 20 de mar\u00e7o de 2023.\r\n\r\n                           \r\nVereadora Jocilma Amaral,UB.                                                      Vereadora Ageane Barros, UB.","indexacao":"","observacao":"","resultado":"","texto_original":"http://sapl.pocone.mt.leg.br/media/sapl/public/materialegislativa/2023/2185/indicacao-vereadora_jocilma_no_002-2023.-_.pdf","data_ultima_atualizacao":"2023-03-23T10:09:01.698970-03:00","ip":"201.71.140.251","ultima_edicao":"2023-03-23T10:06:24.904955-03:00","tipo":7,"regime_tramitacao":1,"tipo_origem_externa":null,"local_origem_externa":1,"user":9,"anexadas":[],"autores":[26]}