{"id":2165,"__str__":"REQUERIMENTOS COMUNS n\u00ba 8 de 2023","link_detail_backend":"/materia/2165","metadata":{},"numero":8,"ano":2023,"numero_protocolo":null,"data_apresentacao":"2023-03-14","tipo_apresentacao":"E","data_publicacao":null,"numero_origem_externa":"","ano_origem_externa":null,"data_origem_externa":"2023-03-16","apelido":"","dias_prazo":null,"data_fim_prazo":null,"em_tramitacao":false,"polemica":false,"objeto":"","complementar":false,"ementa":"Exm\u00ba. Sr. Presidente da C\u00e2mara Municipal de Pocon\u00e9 - MT.\r\n\r\nO Vereador que a este subscrevem, nos termos do Regimento Interno da Casa, ouvido o plen\u00e1rio, REQUER a Mesa Diretora seja oficializada a Senhora Carlina Falc\u00e3o Arruda Cal\u00e1bria, Engenharia Civil da Prefeitura Municipal de Pocon\u00e9, no sentido de informar a C\u00e2mara Municipal quais Vias P\u00fablicas, (solteiras), dos bairros da cidade de Pocon\u00e9 \u2013 MT, est\u00e3o com projetos prontos e programados para receberem servi\u00e7os de asfalto, sarjeta, meio fio e cal\u00e7adas no exerc\u00edcio de 2023. \r\n\r\nEsta informa\u00e7\u00e3o \u00e9 de fundamental import\u00e2ncia para que esta Casa Legislativa tenha conhecimento para poder informar mun\u00edcipes que indagam vereadores/vereadoras sobre a realiza\u00e7\u00e3o destes servi\u00e7os.\r\n\r\n Sala das Sess\u00f5es \u201cJosefa Gon\u00e7alves\u201d, em 13 de mar\u00e7o de 2023.\r\n\r\n\r\n                        Vereador Sergio Maracan\u00e3, PSB.","indexacao":"","observacao":"","resultado":"","texto_original":"http://sapl.pocone.mt.leg.br/media/sapl/public/materialegislativa/2023/2165/vereador_sergio_maracana_no_002-2023...pdf","data_ultima_atualizacao":"2023-03-16T13:15:11.440062-03:00","ip":"201.71.140.251","ultima_edicao":"2023-03-16T13:13:46.680307-03:00","tipo":5,"regime_tramitacao":1,"tipo_origem_externa":null,"local_origem_externa":1,"user":9,"anexadas":[],"autores":[24]}