{"id":2158,"__str__":"INDICA\u00c7\u00d5ES n\u00ba 70 de 2023","link_detail_backend":"/materia/2158","metadata":{},"numero":70,"ano":2023,"numero_protocolo":null,"data_apresentacao":"2023-03-07","tipo_apresentacao":"E","data_publicacao":null,"numero_origem_externa":"","ano_origem_externa":null,"data_origem_externa":"2023-03-08","apelido":"","dias_prazo":null,"data_fim_prazo":null,"em_tramitacao":false,"polemica":false,"objeto":"","complementar":false,"ementa":"Exm\u00ba. Sr. Presidente da C\u00e2mara Municipal de Pocon\u00e9-MT.\r\n\r\n  O Vereador que a este subscreve, nos termos do Regimento Interno da Casa, ouvindo o Plen\u00e1rio, Indica as Suas Excel\u00eancias Ata\u00edl Marques do Amaral, Prefeito Municipal, Ney Rondon Marques, Secret\u00e1rio Municipal de Infraestrutura, a necessidade de efetuar manuten\u00e7\u00e3o na Estrada Vicinal Rural Valdu\u00edno Martins de Oliveira, que liga a Comunidade Cap\u00e3o do Angico, munic\u00edpio de Pocon\u00e9, com patrolamento e coloca\u00e7\u00e3o de cascalhos.\r\n\r\nEfetuar servi\u00e7os de manuten\u00e7\u00e3o da estrada faz necess\u00e1rio, em raz\u00e3o de que em v\u00e1rios pontos houve danifica\u00e7\u00f5es provocadas pelas constantes chuvas, trazendo conseq\u00fc\u00eancias para que haja uma boa trafegabilidade, o que exige do Poder P\u00fablico tomadas de provid\u00eancias necess\u00e1rias para mant\u00ea-la em perfeito estado de conserva\u00e7\u00e3o, pelo o que esperamos contar com a acolhida do Poder Executivo, no atendimento desta justa reivindica\u00e7\u00e3o.\r\n\r\nSala das Sess\u00f5es \u201cJosefa Gon\u00e7alves\u201d, em 06 de mar\u00e7o de 2023.\r\n\r\n\r\nVereador F\u00e1bio de Oliveira, UB","indexacao":"","observacao":"","resultado":"","texto_original":"http://sapl.pocone.mt.leg.br/media/sapl/public/materialegislativa/2023/2158/indicacao_no_010-2023..pdf","data_ultima_atualizacao":"2023-03-08T12:39:55.012252-03:00","ip":"201.71.140.251","ultima_edicao":"2023-03-08T12:38:55.727667-03:00","tipo":7,"regime_tramitacao":1,"tipo_origem_externa":null,"local_origem_externa":1,"user":9,"anexadas":[],"autores":[22]}