{"id":2139,"__str__":"INDICA\u00c7\u00d5ES n\u00ba 61 de 2023","link_detail_backend":"/materia/2139","metadata":{},"numero":61,"ano":2023,"numero_protocolo":null,"data_apresentacao":"2023-02-28","tipo_apresentacao":"E","data_publicacao":null,"numero_origem_externa":"","ano_origem_externa":null,"data_origem_externa":"2023-03-06","apelido":"","dias_prazo":null,"data_fim_prazo":null,"em_tramitacao":false,"polemica":false,"objeto":"","complementar":false,"ementa":"Exm\u00ba. Sr. Presidente da C\u00e2mara Municipal de Pocon\u00e9-MT.\r\n\r\n\r\n                      O Vereador que a este subscreve, nos termos do Regimento Interno da Casa, ouvindo o Plen\u00e1rio, INDICA as Suas Excel\u00eancias Ata\u00edl Marques do Amaral, Prefeito Municipal, Ney Rondon Marques, Secret\u00e1rio Municipal de Infraestrutura, no sentido de buscar entendimentos e tomadas de provid\u00eancia para ap\u00f3s o termino do per\u00edodo chuvoso fa\u00e7a servi\u00e7o de manuten\u00e7\u00e3o patrolamento, coloca\u00e7\u00e3o de cascalho e compacta\u00e7\u00e3o nas Estradas vicinais ribeirinhas regi\u00e3o do Porto Cercado e adjac\u00eancias, munic\u00edpio de Pocon\u00e9-MT.\r\n   \r\nSala das Sess\u00f5es \u201cJosefa Gon\u00e7alves\u201d, em 13 de fevereiro de 2023.\r\n\r\n\r\nVereador F\u00e1bio de Oliveira, UB.","indexacao":"","observacao":"","resultado":"","texto_original":"http://sapl.pocone.mt.leg.br/media/sapl/public/materialegislativa/2023/2139/indicacao_no_007-2023..pdf","data_ultima_atualizacao":"2023-03-06T10:47:27.867713-03:00","ip":"201.71.140.251","ultima_edicao":"2023-03-06T10:45:22.312635-03:00","tipo":7,"regime_tramitacao":1,"tipo_origem_externa":null,"local_origem_externa":1,"user":9,"anexadas":[],"autores":[22]}