{"id":2128,"__str__":"REQUERIMENTOS COMUNS n\u00ba 3 de 2023","link_detail_backend":"/materia/2128","metadata":{},"numero":3,"ano":2023,"numero_protocolo":null,"data_apresentacao":"2023-02-28","tipo_apresentacao":"E","data_publicacao":null,"numero_origem_externa":"","ano_origem_externa":null,"data_origem_externa":"2023-03-06","apelido":"","dias_prazo":null,"data_fim_prazo":null,"em_tramitacao":false,"polemica":false,"objeto":"","complementar":false,"ementa":"Exm\u00ba. Sr\u00ba. Presidente da C\u00e2mara Municipal de Pocon\u00e9-MT.\r\n\r\nO Vereador que a este subscreve, nos termos do Regimento Interno da Casa, ouvido o Plen\u00e1rio, REQUER a Mesa Diretora seja oficializado o Prefeito Municipal Ata\u00edl Marques do Amaral, o Secret\u00e1rio Municipal de Desenvolvimento Urbano e Econ\u00f4mico, Jos\u00e9 Joadir do Amaral J\u00fanior, a fim de viabilizar estudo e tomadas de provid\u00eancias necess\u00e1rias para conceder autoriza\u00e7\u00e3o dos servi\u00e7os de transporte p\u00fablico de passageiros e cargas, moto-t\u00e1xi na vias urbanas e rurais deste munic\u00edpio, os ve\u00edculos tipo motocicletas com potencia m\u00ednima de 125 cilindradas e m\u00e1xima de 250 cilindradas  conforme estabelecida na Lei Municipal.\r\n\r\n\t    \tSala das Sess\u00f5es \u201cJosefa Gon\u00e7alves\u201d, em 27 de fevereiro de 2023.\r\n\t\r\n                      Vereador M\u00e1rcio Fernandes, MDB.","indexacao":"","observacao":"","resultado":"","texto_original":"http://sapl.pocone.mt.leg.br/media/sapl/public/materialegislativa/2023/2128/requerimento_no_001-_2023.pdf","data_ultima_atualizacao":"2023-03-06T09:45:59.526371-03:00","ip":"201.71.140.251","ultima_edicao":"2023-03-06T09:43:27.518921-03:00","tipo":5,"regime_tramitacao":1,"tipo_origem_externa":null,"local_origem_externa":1,"user":9,"anexadas":[],"autores":[21]}