{"id":2127,"__str__":"INDICA\u00c7\u00d5ES n\u00ba 50 de 2023","link_detail_backend":"/materia/2127","metadata":{},"numero":50,"ano":2023,"numero_protocolo":null,"data_apresentacao":"2023-02-28","tipo_apresentacao":"E","data_publicacao":null,"numero_origem_externa":"","ano_origem_externa":null,"data_origem_externa":"2023-03-06","apelido":"","dias_prazo":null,"data_fim_prazo":null,"em_tramitacao":false,"polemica":false,"objeto":"","complementar":false,"ementa":"Exm\u00ba. Sr\u00ba. Presidente da C\u00e2mara Municipal de Pocon\u00e9-MT.\r\n\r\n                            A Vereadora que a esta subscreve, nos termos do Regimento Interno da Casa, Indica a Sua Excel\u00eancia Joelma Gomes da Silva, Secret\u00e1ria Municipal de Assist\u00eancia Social, Emprego e Renda, ao Conselho Municipal dos Direitos da Crian\u00e7a e ao Adolescente \u2013 CMDCA, dado conhecimento a Defensoria P\u00fablica de Pocon\u00e9, para que seja celebrados 10 anos da Lei Municipal N\u00ba 1.718 de 2013 e trazido a mem\u00f3ria 11 anos da morte da adolescente Caroline Cristiane de Almeida Martins de 15 anos, assassinada \u00e0s margens da Rodovia Transpantaneira, no Pantanal Mato-grossense.\r\nPara que no dia 18 de maio, sejam convocados todos/as os conselhos e departamentos ou entidades ligadas a Rede de Prote\u00e7\u00e3o para o dia de combate ao abuso e explora\u00e7\u00e3o sexual, com a campanha \u201cFa\u00e7a Bonito. Proteja nossas crian\u00e7as e Adolescentes\u201d.\r\n\r\nSala das Sess\u00f5es \u201cJosefa Gon\u00e7alves\u201d, em 27 de fevereiro de 2023.\r\n\r\n\t\r\n             Vereadora Jossielma Silva, PTB.","indexacao":"","observacao":"","resultado":"","texto_original":"http://sapl.pocone.mt.leg.br/media/sapl/public/materialegislativa/2023/2127/indicacao_no_006-2023.pdf","data_ultima_atualizacao":"2023-03-06T09:16:36.099407-03:00","ip":"201.71.140.251","ultima_edicao":"2023-03-06T09:14:36.812776-03:00","tipo":7,"regime_tramitacao":1,"tipo_origem_externa":null,"local_origem_externa":1,"user":9,"anexadas":[],"autores":[27]}