{"id":2126,"__str__":"INDICA\u00c7\u00d5ES n\u00ba 49 de 2023","link_detail_backend":"/materia/2126","metadata":{},"numero":49,"ano":2023,"numero_protocolo":null,"data_apresentacao":"2023-02-28","tipo_apresentacao":"E","data_publicacao":null,"numero_origem_externa":"","ano_origem_externa":null,"data_origem_externa":"2023-03-06","apelido":"","dias_prazo":null,"data_fim_prazo":null,"em_tramitacao":false,"polemica":false,"objeto":"","complementar":false,"ementa":"Exm\u00ba. Sr\u00ba. Presidente da C\u00e2mara Municipal de Pocon\u00e9-MT.\r\n\r\n                       A Vereadora que a esta subscreve, nos termos do Regimento Interno da Casa, Indica as Suas Excel\u00eancias Ata\u00edl Marques do Amaral, Prefeito Municipal, Deputado Estadual Alberto Machado, Cesar Alberto Miranda Lima dos Santos Costa, Secret\u00e1rio de Desenvolvimento Econ\u00f4mico, Jefferson Preza Moreno, Secret\u00e1rio Adjunto de Turismo, Manoel Salvador Pereira Leite, Secret\u00e1rio Municipal de Turismo.\r\nPara participar de uma reuni\u00e3o tem\u00e1tica com objetivo de discutir a implanta\u00e7\u00e3o, cria\u00e7\u00e3o e ou concess\u00e3o de um empreendimento comercial para atendimento ao turista a frente do Monumento a S\u00e3o Francisco de Assis \u00e0 margem da rodovia Transpantaneira, na proximidade do quilometro 22 da Rodovia Transpantaneira. \r\n\r\nSala das Sess\u00f5es \u201cJosefa Gon\u00e7alves\u201d, em 06 de fevereiro de 2023.\r\n\t\r\n                \r\n                         Vereadora Jossielma Silva, PTB.","indexacao":"","observacao":"","resultado":"","texto_original":"http://sapl.pocone.mt.leg.br/media/sapl/public/materialegislativa/2023/2126/indicacao_no_003-2023.pdf","data_ultima_atualizacao":"2023-03-06T09:14:28.833296-03:00","ip":"201.71.140.251","ultima_edicao":"2023-03-06T09:12:51.952046-03:00","tipo":7,"regime_tramitacao":1,"tipo_origem_externa":null,"local_origem_externa":1,"user":9,"anexadas":[],"autores":[27]}