{"id":2125,"__str__":"INDICA\u00c7\u00d5ES n\u00ba 48 de 2023","link_detail_backend":"/materia/2125","metadata":{},"numero":48,"ano":2023,"numero_protocolo":null,"data_apresentacao":"2023-02-28","tipo_apresentacao":"E","data_publicacao":null,"numero_origem_externa":"","ano_origem_externa":null,"data_origem_externa":"2023-03-06","apelido":"","dias_prazo":null,"data_fim_prazo":null,"em_tramitacao":false,"polemica":false,"objeto":"","complementar":false,"ementa":"Exm\u00ba. Sr. Presidente da C\u00e2mara Municipal de Pocon\u00e9-MT.\r\n\r\nO Vereador que a esta subscreve, nos termos do Regimento Interno da Casa, INDICA as Suas Excel\u00eancias Ata\u00edl Marques do Amaral, Prefeito Municipal, Senhor Ney Rondon Marques, Secret\u00e1rio Municipal de Infraestrutura, no sentido de buscar entendimentos e tomadas de provid\u00eancias para recupera\u00e7\u00e3o, manuten\u00e7\u00e3o, dos Currais P\u00fablicos, localizados ao longo das Estradas Boiadeiras, no Pantanal de Pocon\u00e9 \u2013 MT.\r\n \r\nSala das Sess\u00f5es \u201cJosefa Gon\u00e7alves\u201d, 27 de fevereiro de 2023.\r\n\r\n\r\n                     Vereador Lu\u00eds Eduardo \u201cDudu Carrapato\u201d, PSDB.","indexacao":"","observacao":"","resultado":"","texto_original":"http://sapl.pocone.mt.leg.br/media/sapl/public/materialegislativa/2023/2125/indicacao_no_005-2023..pdf","data_ultima_atualizacao":"2023-03-06T09:08:20.417303-03:00","ip":"201.71.140.251","ultima_edicao":"2023-03-06T09:06:39.134838-03:00","tipo":7,"regime_tramitacao":1,"tipo_origem_externa":null,"local_origem_externa":1,"user":9,"anexadas":[],"autores":[18]}