{"id":2123,"__str__":"INDICA\u00c7\u00d5ES n\u00ba 46 de 2023","link_detail_backend":"/materia/2123","metadata":{},"numero":46,"ano":2023,"numero_protocolo":null,"data_apresentacao":"2023-02-28","tipo_apresentacao":"E","data_publicacao":null,"numero_origem_externa":"","ano_origem_externa":null,"data_origem_externa":"2023-03-06","apelido":"","dias_prazo":null,"data_fim_prazo":null,"em_tramitacao":false,"polemica":false,"objeto":"","complementar":false,"ementa":"Exm\u00ba. Sr\u00ba. Presidente da C\u00e2mara Municipal de Pocon\u00e9-MT.\r\n\r\n\r\nO Vereador que a esta subscreve, nos termos do Regimento Interno da Casa, ouvido o Plen\u00e1rio, Indica as Suas Excel\u00eancias Ata\u00edl Marques do Amaral, Prefeito Municipal, Jos\u00e9 Joadir do Amaral J\u00fanior, Secret\u00e1rio Municipal de Desenvolvimento Urbano e Econ\u00f4mico, no sentido de buscar entendimentos e tomadas de providencias para a inclus\u00e3o dos bairros N\u00facleo Habitacional Cidade Rosa (Cohab Nova), Vila Oper\u00e1ria e Vila Aurora, no Projeto de Regulariza\u00e7\u00e3o Fundi\u00e1ria, que est\u00e3o sendo desenvolvidos em parceria com o Poder Judici\u00e1rio no \u00e2mbito do munic\u00edpio de Pocon\u00e9 \u2013 MT.\r\n\r\n  \r\nSala das Sess\u00f5es \u201cJosefa Gon\u00e7alves\u201d, em 27 de fevereiro de 2023.\r\n\r\n\r\n Vereador Itamar Louren\u00e7o, PSB.","indexacao":"","observacao":"","resultado":"","texto_original":"http://sapl.pocone.mt.leg.br/media/sapl/public/materialegislativa/2023/2123/indicacao_no_002-2023.pdf","data_ultima_atualizacao":"2023-03-06T09:00:22.757381-03:00","ip":"201.71.140.251","ultima_edicao":"2023-03-06T08:59:13.018925-03:00","tipo":7,"regime_tramitacao":1,"tipo_origem_externa":null,"local_origem_externa":1,"user":9,"anexadas":[],"autores":[23]}