{"id":2121,"__str__":"INDICA\u00c7\u00d5ES n\u00ba 44 de 2023","link_detail_backend":"/materia/2121","metadata":{},"numero":44,"ano":2023,"numero_protocolo":null,"data_apresentacao":"2023-02-23","tipo_apresentacao":"E","data_publicacao":null,"numero_origem_externa":"","ano_origem_externa":null,"data_origem_externa":"2023-02-27","apelido":"","dias_prazo":null,"data_fim_prazo":null,"em_tramitacao":false,"polemica":false,"objeto":"","complementar":false,"ementa":"Exm\u00ba. Sr\u00ba. Presidente da C\u00e2mara Municipal de Pocon\u00e9 - MT.\r\n \r\nA Vereadora que a esta subscreve, nos termos do Regimento Interno da Casa, ouvido o Plen\u00e1rio, Indica as Suas Excel\u00eancias Ata\u00edl Marques do Amaral, Prefeito Municipal, Ney Rondon Marques, Secret\u00e1rio Municipal de Infraestrutura, a necessidade de viabilizar a instala\u00e7\u00e3o de 02 manilhas no ultimo Linh\u00e3o do Assentamento Campo Limpo II, munic\u00edpio de Pocon\u00e9-MT. \r\n \r\nA realiza\u00e7\u00e3o deste servi\u00e7o faz necess\u00e1rio devido dificuldades enfrentadas pelos residentes para terem acesso a essa regi\u00e3o do Assentamento essa melhoria facilitar\u00e1 a trafegabilidade proporcionando economia para as pessoas. Por estas raz\u00f5es se torna imprescind\u00edvel atender solicita\u00e7\u00e3o da comunidade no que se refere a este servi\u00e7o.\r\n\r\nSala das Sess\u00f5es \u201cJosefa Gon\u00e7alves\u201d, em 13 de fevereiro de 2023.\r\n\r\n\r\n                        Vereadora F\u00e1tima de Aquino \u201cFaf\u00e1 do Sindicato\u201d, PSB.","indexacao":"","observacao":"","resultado":"","texto_original":"http://sapl.pocone.mt.leg.br/media/sapl/public/materialegislativa/2023/2121/indicacao_no_006-2023..pdf","data_ultima_atualizacao":"2023-02-27T12:17:44.081759-03:00","ip":"201.71.140.251","ultima_edicao":"2023-02-27T12:14:54.548173-03:00","tipo":7,"regime_tramitacao":1,"tipo_origem_externa":null,"local_origem_externa":1,"user":9,"anexadas":[],"autores":[28]}