{"id":2120,"__str__":"INDICA\u00c7\u00d5ES n\u00ba 43 de 2023","link_detail_backend":"/materia/2120","metadata":{},"numero":43,"ano":2023,"numero_protocolo":null,"data_apresentacao":"2023-02-23","tipo_apresentacao":"E","data_publicacao":null,"numero_origem_externa":"","ano_origem_externa":null,"data_origem_externa":"2023-02-27","apelido":"","dias_prazo":null,"data_fim_prazo":null,"em_tramitacao":false,"polemica":false,"objeto":"","complementar":false,"ementa":"Exm\u00ba. Sr. Presidente da C\u00e2mara Municipal de Pocon\u00e9-MT.\r\n \r\n                       O Vereador que a esta subscreve, nos termos do Regimento Interno da Casa, INDICA as Suas Excel\u00eancias Senhor Ata\u00edl Marques do Amaral, Prefeito Municipal, Senhor Ney Rondon Marques, Secret\u00e1rio Municipal de Infraestrutura, Jos\u00e9 Joadir do Amaral J\u00fanior, Secret\u00e1rio Municipal de Desenvolvimento Urbano e Econ\u00f4mico, no sentido de viabilizar constru\u00e7\u00e3o de faixa de pedestre ou redutor de velocidade no Residencial S\u00e3o Jo\u00e3o, em frente o Mercado Santa Rita, bairro Boa Esperan\u00e7a, cidade de Pocon\u00e9 \u2013 MT. \r\n\r\nA referida indica\u00e7\u00e3o visa \u00e0 implanta\u00e7\u00e3o de faixa elevada/redutor de velocidade para travessias de pedestres tendo em vista que a via possui um intenso tr\u00e1fego de ve\u00edculos, o que dificulta a passagem dos pedestres, deixando evidente o risco de acidentes de tr\u00e2nsito no local.\r\n\r\nSala das Sess\u00f5es \u201cJosefa Gon\u00e7alves\u201d, 10 de fevereiro de 2023.\r\n\r\n\r\n  Vereador Lu\u00eds Eduardo \u201cDudu Carrapato\u201d, PSDB.","indexacao":"","observacao":"","resultado":"","texto_original":"http://sapl.pocone.mt.leg.br/media/sapl/public/materialegislativa/2023/2120/indicacao_no_004-2023..pdf","data_ultima_atualizacao":"2023-02-27T12:13:34.669636-03:00","ip":"201.71.140.251","ultima_edicao":"2023-02-27T12:12:22.679279-03:00","tipo":7,"regime_tramitacao":1,"tipo_origem_externa":null,"local_origem_externa":1,"user":9,"anexadas":[],"autores":[18]}