{"id":2118,"__str__":"INDICA\u00c7\u00d5ES n\u00ba 41 de 2023","link_detail_backend":"/materia/2118","metadata":{},"numero":41,"ano":2023,"numero_protocolo":null,"data_apresentacao":"2023-02-23","tipo_apresentacao":"E","data_publicacao":null,"numero_origem_externa":"","ano_origem_externa":null,"data_origem_externa":"2023-02-27","apelido":"","dias_prazo":null,"data_fim_prazo":null,"em_tramitacao":false,"polemica":false,"objeto":"","complementar":false,"ementa":"Exm\u00ba. Sr. Presidente da C\u00e2mara Municipal de Pocon\u00e9-MT.\r\n\r\nO vereador que a esta subscreve, nos termos do Regimento Interno da Casa, ouvido o Plen\u00e1rio, Indica as Suas Excel\u00eancias Ata\u00edl Marques do Amaral, Prefeito Municipal, Ney Rondon Marques, Secret\u00e1rio Municipal de Infraestrutura, no sentido de efetuar com urg\u00eancia a manuten\u00e7\u00e3o que se fazem necess\u00e1rias na ponte localizada na estrada que demanda \u00e0 comunidade V\u00e1rzea Bonita e C\u00e1gados, que foi totalmente danificada pelas fortes chuvas, houve muitos estragos conforme demonstrada na foto apensada, impossibilitando tr\u00e1fego para ve\u00edculos, transporte escolar, caminh\u00f5es, por se trata de uma estrada com consider\u00e1vel movimenta\u00e7\u00e3o para atender fazendas, setores produtivos, principalmente o transporte escolar, faz necess\u00e1rio a realiza\u00e7\u00e3o da manuten\u00e7\u00e3o com rapidez para que n\u00e3o ocorram preju\u00edzos na regi\u00e3o.\r\n\r\nSala das Sess\u00f5es \u201cJosefa Gon\u00e7alves\u201d, 10 de fevereiro de 2023.\r\n\r\n  Vereador Lu\u00eds Eduardo \u201cDudu Carrapato\u201d, PSDB.","indexacao":"","observacao":"","resultado":"","texto_original":"http://sapl.pocone.mt.leg.br/media/sapl/public/materialegislativa/2023/2118/indicacao_no_002-2023..pdf","data_ultima_atualizacao":"2023-02-27T12:09:01.475637-03:00","ip":"201.71.140.251","ultima_edicao":"2023-02-27T12:07:02.090442-03:00","tipo":7,"regime_tramitacao":1,"tipo_origem_externa":null,"local_origem_externa":1,"user":9,"anexadas":[],"autores":[18]}