{"id":2117,"__str__":"INDICA\u00c7\u00d5ES n\u00ba 40 de 2023","link_detail_backend":"/materia/2117","metadata":{},"numero":40,"ano":2023,"numero_protocolo":null,"data_apresentacao":"2023-02-23","tipo_apresentacao":"E","data_publicacao":null,"numero_origem_externa":"","ano_origem_externa":null,"data_origem_externa":null,"apelido":"","dias_prazo":null,"data_fim_prazo":null,"em_tramitacao":false,"polemica":false,"objeto":"","complementar":false,"ementa":"Exm\u00ba. Sr\u00ba. Presidente da C\u00e2mara Municipal de Pocon\u00e9-MT.\r\n\r\n                            A Vereadora que a esta subscreve, nos termos do Regimento Interno da Casa, Indica as Suas Excel\u00eancias Ata\u00edl Marques do Amaral, Prefeito Municipal, Alberto Machado, Deputado Estadual, Marcelo de Oliveira e Silva, Secret\u00e1rio de Estado de Infraestrutura e Log\u00edstica, Cristina Cuiab\u00e1lia Neves, Gerente Geral P\u00f3lo Socioambiental Sesc Pantanal, no sentido de buscar entendimentos e tomadas de provid\u00eancias quanto a necessidade de elaborar estudos sobre as pontes edificadas na Estrada Parque MT Prof\u00aa Francisca Figueiredo Arruda Martins, que liga a cidade  de Pocon\u00e9 a regi\u00e3o de Porto Cercado, no que se refere amplia\u00e7\u00e3o das mesmas, vez que s\u00e3o muitas estreitas; manuten\u00e7\u00e3o no sistema de sinaliza\u00e7\u00f5es, e outros que se fazem necess\u00e1rios para oferecer maior seguran\u00e7a aos usu\u00e1rios. \r\n\r\n Sala das Sess\u00f5es \u201cJosefa Gon\u00e7alves\u201d, em 13 de fevereiro de 2023.\r\n\r\n           Vereadora Jossielma Silva, PTB","indexacao":"","observacao":"","resultado":"","texto_original":"http://sapl.pocone.mt.leg.br/media/sapl/public/materialegislativa/2023/2117/indicacao_no_005-2023.pdf","data_ultima_atualizacao":"2023-02-27T11:27:01.815698-03:00","ip":"201.71.140.251","ultima_edicao":"2023-02-27T11:25:10.765440-03:00","tipo":7,"regime_tramitacao":1,"tipo_origem_externa":null,"local_origem_externa":1,"user":9,"anexadas":[],"autores":[27]}