{"id":2116,"__str__":"INDICA\u00c7\u00d5ES n\u00ba 39 de 2023","link_detail_backend":"/materia/2116","metadata":{},"numero":39,"ano":2023,"numero_protocolo":null,"data_apresentacao":"2023-02-23","tipo_apresentacao":"E","data_publicacao":null,"numero_origem_externa":"","ano_origem_externa":null,"data_origem_externa":"2023-02-27","apelido":"","dias_prazo":null,"data_fim_prazo":null,"em_tramitacao":false,"polemica":false,"objeto":"","complementar":false,"ementa":"Exm\u00ba. Sr. Presidente da C\u00e2mara Municipal de Pocon\u00e9-MT.\r\n\r\nO Vereador que a esta subscreve, nos termos do Regimento Interno da Casa, ouvido o Plen\u00e1rio, INDICA as Suas Excel\u00eancias Ata\u00edl Marques do Amaral, Prefeito Municipal, Ney Rondon Marques, Secret\u00e1rio Municipal de Infraestrutura, tomem as provid\u00eancias necess\u00e1rias para regularizar sistema de ilumina\u00e7\u00e3o p\u00fablica nas vias p\u00fablicas localizadas no Distrito de Cangas, principalmente na Rua 13 de Maio, munic\u00edpio de Pocon\u00e9-MT.\r\n\r\nSala das Sess\u00f5es, \u201cJosefa Gon\u00e7alves\u201d,em 17 de fevereiro de 2023.\r\n\r\n\r\nVer. M\u00e1rcio Fernandes, \u201cMarcinho\u201d, MDB.","indexacao":"","observacao":"","resultado":"","texto_original":"http://sapl.pocone.mt.leg.br/media/sapl/public/materialegislativa/2023/2116/indicacao_no_009-2023.pdf","data_ultima_atualizacao":"2023-02-27T11:24:15.115622-03:00","ip":"201.71.140.251","ultima_edicao":"2023-02-27T11:22:53.836880-03:00","tipo":7,"regime_tramitacao":1,"tipo_origem_externa":null,"local_origem_externa":1,"user":9,"anexadas":[],"autores":[21]}