{"id":2115,"__str__":"INDICA\u00c7\u00d5ES n\u00ba 38 de 2023","link_detail_backend":"/materia/2115","metadata":{},"numero":38,"ano":2023,"numero_protocolo":null,"data_apresentacao":"2023-02-23","tipo_apresentacao":"E","data_publicacao":null,"numero_origem_externa":"","ano_origem_externa":null,"data_origem_externa":"2023-02-27","apelido":"","dias_prazo":null,"data_fim_prazo":null,"em_tramitacao":false,"polemica":false,"objeto":"","complementar":false,"ementa":"Exm\u00ba. Sr. Presidente da C\u00e2mara Municipal de Pocon\u00e9-MT.\r\n\r\nO Vereador que a esta subscreve, nos termos do Regimento Interno da Casa, Reitera as Suas Excel\u00eancias Ata\u00edl Marques do Amaral, Prefeito Municipal, Ney Rondon Marques, Secret\u00e1rio Municipal de Infraestrutura, a indica\u00e7\u00e3o n\u00ba 090/2022, no sentido de buscar entendimentos e tomadas de provid\u00eancias, parceria com a SEMA para elaborar projetos de licenciamento ambiental e outras medidas necess\u00e1rias para a obra: Constru\u00e7\u00e3o de 03 pontes de concretos e a\u00e7o na estrada vicinal Ribeirinha denominada \u201cArmando Gomes Ferreira Mendes\u201d, no munic\u00edpio de Pocon\u00e9 \u2013 Mato Grosso, a fim de oferecer meios para buscar recursos financeiros junto ao Governo do Estado, Deputados Estaduais, Senadores.\r\n\r\nSala das Sess\u00f5es, \u201cJosefa Gon\u00e7alves\u201d,em 10 de fevereiro de 2023.\r\n\r\nVer. M\u00e1rcio Fernandes, \u201cMarcinho\u201d,MDB.","indexacao":"","observacao":"","resultado":"","texto_original":"http://sapl.pocone.mt.leg.br/media/sapl/public/materialegislativa/2023/2115/indicacao_no_008-2023.pdf","data_ultima_atualizacao":"2023-02-27T11:22:27.924598-03:00","ip":"201.71.140.251","ultima_edicao":"2023-02-27T11:21:03.714025-03:00","tipo":7,"regime_tramitacao":1,"tipo_origem_externa":null,"local_origem_externa":1,"user":9,"anexadas":[],"autores":[21]}