{"id":2114,"__str__":"INDICA\u00c7\u00d5ES n\u00ba 37 de 2023","link_detail_backend":"/materia/2114","metadata":{},"numero":37,"ano":2023,"numero_protocolo":null,"data_apresentacao":"2023-02-23","tipo_apresentacao":"E","data_publicacao":null,"numero_origem_externa":"","ano_origem_externa":null,"data_origem_externa":"2023-02-27","apelido":"","dias_prazo":null,"data_fim_prazo":null,"em_tramitacao":false,"polemica":false,"objeto":"","complementar":false,"ementa":"Exm\u00ba. Sr\u00ba. Presidente da C\u00e2mara Municipal de Pocon\u00e9 - MT.\r\n\r\n O Vereador que a esta subscreve, nos termos do Regimento Interno da Casa, INDICA as Suas Excel\u00eancias Ata\u00edl Marques do Amaral, Prefeito Municipal, Ney Rondon Marques, Secret\u00e1rio Municipal de Infraestrutura, buscar entendimentos e tomadas de provid\u00eancias para instalar coletores de lixos (lixeiras), nas pra\u00e7as p\u00fablicas da cidade de Pocon\u00e9 - MT. \r\n\r\nVisa \u00e0 melhoria do sistema de limpeza e higiene nas pra\u00e7as do munic\u00edpio, evitando que o lixo seja jogado no ch\u00e3o, nos gramados, nas plantas, ocasionando acumulo em locais indevidos. \r\n\r\n                      A instala\u00e7\u00e3o das lixeiras vai ajudar a manter os locais limpo, visa um trabalho de conscientiza\u00e7\u00e3o ao cidad\u00e3o, oferecendo meios pelos quais possam contribuir na limpeza destes locais, trazendo o bem estar a todos.\r\n\r\nSala das Sess\u00f5es \u201cJosefa Gon\u00e7alves\u201d, em 09 de fevereiro de 2023.\r\n\r\n\r\n                       Vereador Sergio Maracan\u00e3, PSB.","indexacao":"","observacao":"","resultado":"","texto_original":"http://sapl.pocone.mt.leg.br/media/sapl/public/materialegislativa/2023/2114/indicacao_no_013-2023..pdf","data_ultima_atualizacao":"2023-02-27T11:18:49.443842-03:00","ip":"201.71.140.251","ultima_edicao":"2023-02-27T11:17:24.316667-03:00","tipo":7,"regime_tramitacao":1,"tipo_origem_externa":null,"local_origem_externa":1,"user":9,"anexadas":[],"autores":[24]}