{"id":2113,"__str__":"INDICA\u00c7\u00d5ES n\u00ba 36 de 2023","link_detail_backend":"/materia/2113","metadata":{},"numero":36,"ano":2023,"numero_protocolo":null,"data_apresentacao":"2023-02-23","tipo_apresentacao":"E","data_publicacao":null,"numero_origem_externa":"","ano_origem_externa":null,"data_origem_externa":"2023-02-27","apelido":"","dias_prazo":null,"data_fim_prazo":null,"em_tramitacao":false,"polemica":false,"objeto":"","complementar":false,"ementa":"Exm\u00ba. Sr\u00ba. Presidente da C\u00e2mara Municipal de Pocon\u00e9 - MT.\r\n\r\n                       Os Vereadores que a este subscreve, nos termos do Regimento Interno da Casa, ouvindo o Plen\u00e1rio, INDICAM as Suas Excel\u00eancias Ata\u00edl Marques do Amaral, Prefeito Municipal, Ney Rondon Marques, Secret\u00e1rio Municipal de Infraestrutura, no sentido de buscar entendimentos e tomadas de provid\u00eancias para realiza\u00e7\u00e3o de servi\u00e7os de recupera\u00e7\u00e3o/manuten\u00e7\u00e3o da Rua Salvador Marques, Centro, tendo em vista que a citada, se encontra com a pavimenta\u00e7\u00e3o prec\u00e1ria, com grandes ondula\u00e7\u00f5es, que resultam em buracos em v\u00e1rios pontos, causando os mais diversos desconfortos, inviabilizando um deslocamento minimamente aceit\u00e1vel, seguro.\r\n\r\nSala das Sess\u00f5es \u201cJosefa Gon\u00e7alves\u201d, em 06 de fevereiro de 2023.\r\n\r\nVereador Sergio Maracan\u00e3, PSB.                                 Vereador M\u00e1rcio Fernandes, MDB.","indexacao":"","observacao":"","resultado":"","texto_original":"http://sapl.pocone.mt.leg.br/media/sapl/public/materialegislativa/2023/2113/indicacao_no_012-2023..pdf","data_ultima_atualizacao":"2023-02-27T11:16:36.966858-03:00","ip":"201.71.140.251","ultima_edicao":"2023-02-27T11:14:52.904757-03:00","tipo":7,"regime_tramitacao":1,"tipo_origem_externa":null,"local_origem_externa":1,"user":9,"anexadas":[],"autores":[24]}