{"id":2110,"__str__":"MO\u00c7\u00d5ES n\u00ba 5 de 2023","link_detail_backend":"/materia/2110","metadata":{},"numero":5,"ano":2023,"numero_protocolo":null,"data_apresentacao":"2023-02-23","tipo_apresentacao":"E","data_publicacao":null,"numero_origem_externa":"","ano_origem_externa":null,"data_origem_externa":"2023-02-27","apelido":"","dias_prazo":null,"data_fim_prazo":null,"em_tramitacao":false,"polemica":false,"objeto":"","complementar":false,"ementa":"Exm. Sr. Presidente da C\u00e2mara Municipal de Pocon\u00e9-MT.\r\n\r\n\r\nA C\u00e2mara Municipal de Pocon\u00e9, Estado de Mato Grosso, atrav\u00e9s dos Vereadores que a comp\u00f5em leg\u00edtimo representante do povo poconeano apresenta Mo\u00e7\u00e3o de Aplausos, ao grupo da melhor idade Flor do Pantanal, fundado em 16 de fevereiro de 1997, h\u00e1 26 anos, participando e realizando eventos sociais, culturais, proporcionando alegria, bem estar a nossa sociedade. \r\n\r\nEssa homenagem \u00e9 o reconhecimento pelo muito que o grupo contribui para a evolu\u00e7\u00e3o de nossa sociedade, oferecendo belo exemplo de generosidade.\r\n\r\n Que seja dado conhecimento desta aos homenageados. \r\n\r\nSala das Sess\u00f5es \u201cJosefa Gon\u00e7alves\u201d, em 17 de fevereiro de 2023.\r\n\r\n\t\r\n Ver. Marcio Fernandes \u201cMarcinho\u201d, MDB.","indexacao":"","observacao":"","resultado":"","texto_original":"http://sapl.pocone.mt.leg.br/media/sapl/public/materialegislativa/2023/2110/mocao_de_congratulacao_no_001-2023..pdf","data_ultima_atualizacao":"2023-02-27T11:08:04.598073-03:00","ip":"201.71.140.251","ultima_edicao":"2023-02-27T11:06:51.951292-03:00","tipo":6,"regime_tramitacao":1,"tipo_origem_externa":null,"local_origem_externa":3,"user":9,"anexadas":[],"autores":[21]}