{"id":2108,"__str__":"INDICA\u00c7\u00d5ES n\u00ba 34 de 2023","link_detail_backend":"/materia/2108","metadata":{},"numero":34,"ano":2023,"numero_protocolo":null,"data_apresentacao":"2023-02-14","tipo_apresentacao":"E","data_publicacao":null,"numero_origem_externa":"","ano_origem_externa":null,"data_origem_externa":"2023-02-24","apelido":"","dias_prazo":null,"data_fim_prazo":null,"em_tramitacao":false,"polemica":false,"objeto":"","complementar":false,"ementa":"Exm\u00ba. Sr\u00ba. Presidente da C\u00e2mara Municipal de Pocon\u00e9 - MT.\r\n\r\nA Vereadora que a esta subscreve, nos termos do Regimento Interno da Casa, INDICA as Suas Excel\u00eancias Senhores Ata\u00edl Marques do Amaral, Prefeito Municipal, Jos\u00e9 Joadir Amaral J\u00fanior, Secret\u00e1rio de Urbano e Econ\u00f4mico, no sentido de formalizar entendimentos visando tomadas de provid\u00eancias para organizar as barracas que comercializam produtos, instaladas em algumas vias p\u00fablicas da cidade de Pocon\u00e9 _ MT.","indexacao":"","observacao":"","resultado":"","texto_original":"http://sapl.pocone.mt.leg.br/media/sapl/public/materialegislativa/2023/2108/indicacao_no_005-2023..pdf","data_ultima_atualizacao":"2023-02-24T09:41:36.444949-03:00","ip":"201.71.140.251","ultima_edicao":"2023-02-24T09:40:58.344643-03:00","tipo":7,"regime_tramitacao":1,"tipo_origem_externa":null,"local_origem_externa":1,"user":9,"anexadas":[],"autores":[28]}