{"id":2097,"__str__":"INDICA\u00c7\u00d5ES n\u00ba 23 de 2023","link_detail_backend":"/materia/2097","metadata":{},"numero":23,"ano":2023,"numero_protocolo":null,"data_apresentacao":"2023-02-14","tipo_apresentacao":"E","data_publicacao":null,"numero_origem_externa":"","ano_origem_externa":null,"data_origem_externa":"2023-02-17","apelido":"","dias_prazo":null,"data_fim_prazo":null,"em_tramitacao":false,"polemica":false,"objeto":"","complementar":false,"ementa":"Exm\u00ba. Sr. Presidente da C\u00e2mara Municipal de Pocon\u00e9-MT.\r\n\r\n\r\n                       O Vereador que a esta subscreve, nos termos do Regimento Interno da Casa, ouvido o Plen\u00e1rio, Indica as Suas Excel\u00eancias os Senhores Ata\u00edl Marques do Amaral, Prefeito Municipal, Ney Rondon Marques, Secret\u00e1rio Municipal de Infraestrutura, no sentido de viabilizar servi\u00e7os de micro revestimento asf\u00e1ltico/tapa buraco na Vila Paizinho, Bairro S\u00e3o Benedito, cidade de Pocon\u00e9 \u2013 MT, bem como corrigir defeito apresentado no encontro da Vila Paizinho com a Rua Coronel Te\u00f3filo formando uma enorme po\u00e7a de \u00e1gua dificultando a entrada na Vila.\r\n \r\n\r\n       Sala das Sess\u00f5es \u201cJosefa Gon\u00e7alves\u201d, em 06 de fevereiro de 2023.\r\n\r\n\r\n\r\n\r\n                      Vereador S\u00e9rgio Assun\u00e7\u00e3o, MDB.","indexacao":"","observacao":"","resultado":"","texto_original":"http://sapl.pocone.mt.leg.br/media/sapl/public/materialegislativa/2023/2097/indicacao_no_001-2023..pdf","data_ultima_atualizacao":"2023-02-17T13:26:24.500101-03:00","ip":"201.71.140.251","ultima_edicao":"2023-02-17T13:25:20.885981-03:00","tipo":7,"regime_tramitacao":1,"tipo_origem_externa":null,"local_origem_externa":1,"user":9,"anexadas":[],"autores":[25]}