{"id":2086,"__str__":"INDICA\u00c7\u00d5ES n\u00ba 12 de 2023","link_detail_backend":"/materia/2086","metadata":{},"numero":12,"ano":2023,"numero_protocolo":null,"data_apresentacao":"2023-02-14","tipo_apresentacao":"E","data_publicacao":null,"numero_origem_externa":"","ano_origem_externa":null,"data_origem_externa":"2023-02-17","apelido":"","dias_prazo":null,"data_fim_prazo":null,"em_tramitacao":false,"polemica":false,"objeto":"","complementar":false,"ementa":"Exm\u00ba. Sr\u00ba. Presidente da C\u00e2mara Municipal de Pocon\u00e9-MT.\r\n\r\n                            A Vereadora que a esta subscreve, nos termos do Regimento Interno da Casa, Indica as Suas Excel\u00eancias Ata\u00edl Marques do Amaral, Prefeito Municipal, Jos\u00e9 Joadir do Amaral J\u00fanior, Secret\u00e1rio Municipal de Desenvolvimento Urbano e Econ\u00f4mico, Ney Rondon, Secret\u00e1rio Municipal de Infraestrutura, para que providencie a manuten\u00e7\u00e3o das FAIXAS ELEVADAS DE TRAVESSIA DE PEDESTRES na extens\u00e3o da Avenida An\u00edbal de Toledo, bem como estudo e pintura de novas faixas na extens\u00e3o da avenida, a exemplo da localidade entre a esquina na Rua Joaquim Murtinho e Coronel Jo\u00e3o Epif\u00e2nio chegando at\u00e9 Rua Santa Rosa.","indexacao":"","observacao":"","resultado":"","texto_original":"http://sapl.pocone.mt.leg.br/media/sapl/public/materialegislativa/2023/2086/indicacao_no_004-2023.pdf","data_ultima_atualizacao":"2023-02-17T12:25:30.353744-03:00","ip":"201.71.140.251","ultima_edicao":"2023-02-17T12:22:40.666953-03:00","tipo":7,"regime_tramitacao":1,"tipo_origem_externa":null,"local_origem_externa":1,"user":9,"anexadas":[],"autores":[27]}