{"id":2085,"__str__":"INDICA\u00c7\u00d5ES n\u00ba 11 de 2023","link_detail_backend":"/materia/2085","metadata":{},"numero":11,"ano":2023,"numero_protocolo":null,"data_apresentacao":"2023-02-14","tipo_apresentacao":"E","data_publicacao":null,"numero_origem_externa":"","ano_origem_externa":null,"data_origem_externa":"2023-02-17","apelido":"","dias_prazo":null,"data_fim_prazo":null,"em_tramitacao":false,"polemica":false,"objeto":"","complementar":false,"ementa":"Exm\u00ba. Sr\u00ba. Presidente da C\u00e2mara Municipal de Pocon\u00e9-MT.\r\n\r\n                       A Vereadora que a esta subscreve, nos termos do Regimento Interno da Casa, Indica as Suas Excel\u00eancias Ata\u00edl Marques do Amaral, Prefeito Municipal, Jos\u00e9 Joadir Amaral Junior, Secret\u00e1rio Municipal de Desenvolvimento Urbano e Econ\u00f4mico, Ney Rondon Marques, Secret\u00e1rio Municipal de Infraestrutura, no sentido de buscar entendimentos e tomadas de provid\u00eancias com a finalidade de fortalecer sinaliza\u00e7\u00e3o de tr\u00e2nsito com implanta\u00e7\u00e3o de placa de sinaliza\u00e7\u00e3o \u201cPARE\u201d ou Redutor de Velocidade antes e depois da Entrada da Cidade/Castelinho, cidade de Pocon\u00e9- MT.","indexacao":"","observacao":"","resultado":"","texto_original":"http://sapl.pocone.mt.leg.br/media/sapl/public/materialegislativa/2023/2085/indicacao_no_002-2023.pdf","data_ultima_atualizacao":"2023-02-17T12:21:56.583876-03:00","ip":"201.71.140.251","ultima_edicao":"2023-02-17T12:20:58.931079-03:00","tipo":7,"regime_tramitacao":1,"tipo_origem_externa":null,"local_origem_externa":1,"user":9,"anexadas":[],"autores":[27]}