{"id":2069,"__str__":"MO\u00c7\u00c3O DE PESAR n\u00ba 2 de 2023","link_detail_backend":"/materia/2069","metadata":{},"numero":2,"ano":2023,"numero_protocolo":null,"data_apresentacao":"2023-02-14","tipo_apresentacao":"E","data_publicacao":null,"numero_origem_externa":"","ano_origem_externa":2023,"data_origem_externa":"2023-02-16","apelido":"","dias_prazo":null,"data_fim_prazo":null,"em_tramitacao":false,"polemica":false,"objeto":"","complementar":false,"ementa":"A C\u00e2mara Municipal de Pocon\u00e9, Estado de Mato Grosso, atrav\u00e9s dos Vereadores que a comp\u00f5em leg\u00edtimo representante do povo poconeano apresenta condol\u00eancias aos familiares do Senhor L\u00facio C\u00e1ssio da Silva, pelo o seu falecimento ocorrido no dia 10 de fevereiro de 2023. \r\n\r\n\r\n\u201cManifestamos nosso profundo respeito e rogando a Deus que traga conforto aos cora\u00e7\u00f5es enlutados. Desejamos que a paz, o consolo e a for\u00e7a da f\u00e9 reinem no meio de todos, destacando o amor a Deus sobre todas as coisas para que o Senhor L\u00facio C\u00e1ssio da Silva, descanse em paz\u201d.\r\n\r\n\r\n\r\nSala das Sess\u00f5es \u201cJosefa Gon\u00e7alves\u201d, em 13 de fevereiro de 2023.\r\n\r\n\r\n\r\n                      Vereador Benedito Aur\u00e9lio, PP.","indexacao":"","observacao":"","resultado":"","texto_original":"http://sapl.pocone.mt.leg.br/media/sapl/public/materialegislativa/2023/2069/mocao_de_pesar_no_001-2023..pdf","data_ultima_atualizacao":"2023-02-16T10:20:38.462586-03:00","ip":"201.71.140.251","ultima_edicao":"2023-02-16T10:13:49.400041-03:00","tipo":8,"regime_tramitacao":1,"tipo_origem_externa":8,"local_origem_externa":3,"user":9,"anexadas":[],"autores":[19]}