{"id":1997,"__str__":"INDICA\u00c7\u00d5ES n\u00ba 273 de 2022","link_detail_backend":"/materia/1997","metadata":{},"numero":273,"ano":2022,"numero_protocolo":null,"data_apresentacao":"2022-10-10","tipo_apresentacao":"E","data_publicacao":"2022-10-13","numero_origem_externa":"","ano_origem_externa":2022,"data_origem_externa":"2022-10-10","apelido":"","dias_prazo":null,"data_fim_prazo":null,"em_tramitacao":true,"polemica":false,"objeto":"","complementar":false,"ementa":"Exm\u00ba. Sr\u00ba. Presidente da C\u00e2mara Municipal de Pocon\u00e9-MT.\r\nAs Vereadoras que a esta subscreve, nos termos do Regimento Interno da\r\nCasa, INDICAM as Suas Excel\u00eancias Ata\u00edl Marques do Amaral, Prefeito Municipal,\r\nSenador Jayme Campos, Deputado Federal Emanuel Pinheiro Neto, \u201cEmanuelzinho\u201d,\r\nDeputados Estaduais Max Russi e Jana\u00edna Riva, buscar entendimentos e tomadas de\r\nprovidencias para liberar recursos financeiros destinados para aquisi\u00e7\u00e3o de um veiculo\r\nutilit\u00e1rio tipo caminhonete carroceria aberta equipada com escada girat\u00f3ria alcance\r\nm\u00ednimo de 10 metros, com suporte para escada auxiliar, cesto a\u00e9reo, para atender as\r\ndemandas na manuten\u00e7\u00e3o da rede de ilumina\u00e7\u00e3o p\u00fablica, junto ao munic\u00edpio de Pocon\u00e9\r\n\u2013 MT.","indexacao":"","observacao":"","resultado":"","texto_original":"http://sapl.pocone.mt.leg.br/media/sapl/public/materialegislativa/2022/1997/indicacao_vereadora_jossielma_no_015_-_2022.pdf","data_ultima_atualizacao":"2022-10-13T13:23:58.354348-03:00","ip":"201.71.140.251","ultima_edicao":"2022-10-13T13:22:34.933352-03:00","tipo":7,"regime_tramitacao":1,"tipo_origem_externa":7,"local_origem_externa":1,"user":8,"anexadas":[],"autores":[27]}