{"id":1925,"__str__":"MO\u00c7\u00c3O DE PESAR n\u00ba 31 de 2022","link_detail_backend":"/materia/1925","metadata":{},"numero":31,"ano":2022,"numero_protocolo":null,"data_apresentacao":"2022-09-01","tipo_apresentacao":"E","data_publicacao":"2022-09-15","numero_origem_externa":"","ano_origem_externa":2022,"data_origem_externa":"2022-09-01","apelido":"","dias_prazo":null,"data_fim_prazo":null,"em_tramitacao":true,"polemica":false,"objeto":"","complementar":false,"ementa":"Exm. Sr. Presidente da C\u00e2mara Municipal de Pocon\u00e9-MT.\r\nA C\u00e2mara Municipal de Pocon\u00e9, Estado de Mato Grosso, atrav\u00e9s dos\r\nVereadores que a comp\u00f5em leg\u00edtimo representante do povo poconeano apresenta\r\ncondol\u00eancias aos familiares da Senhora Ana Sebastiana da Cunha Ramos, pelo o seu\r\nfalecimento ocorrido no dia 24 de agosto de 2022.","indexacao":"","observacao":"","resultado":"","texto_original":"http://sapl.pocone.mt.leg.br/media/sapl/public/materialegislativa/2022/1925/mocao_de_pesar_no_021-2022..pdf","data_ultima_atualizacao":"2022-09-15T12:37:19.850356-03:00","ip":"201.71.140.251","ultima_edicao":"2022-09-15T12:36:11.001085-03:00","tipo":8,"regime_tramitacao":1,"tipo_origem_externa":8,"local_origem_externa":3,"user":8,"anexadas":[],"autores":[21]}