{"id":1919,"__str__":"INDICA\u00c7\u00d5ES n\u00ba 216 de 2022","link_detail_backend":"/materia/1919","metadata":{},"numero":216,"ano":2022,"numero_protocolo":null,"data_apresentacao":"2022-08-19","tipo_apresentacao":"E","data_publicacao":"2022-08-24","numero_origem_externa":"","ano_origem_externa":2022,"data_origem_externa":"2022-08-19","apelido":"","dias_prazo":null,"data_fim_prazo":null,"em_tramitacao":true,"polemica":false,"objeto":"","complementar":false,"ementa":"Exm\u00ba. Sr\u00ba. Presidente da C\u00e2mara Municipal de Pocon\u00e9-MT.\r\nA Vereadora que a esta subscreve, nos termos do Regimento Interno desta Casa,\r\nouvido o Plen\u00e1rio, Indica as Suas Excel\u00eancias Ata\u00edl Marques do Amaral, Prefeito Municipal,\r\nManoel Salvador Pereira Leite, Secret\u00e1rio Municipal de Turismo, Danielle Assis Carvalho,\r\nSecret\u00e1ria Municipal de Meio Ambiente, Ornella Ros\u00e1rio Proen\u00e7a Moraes Falc\u00e3o, Secret\u00e1ria\r\nMunicipal de Educa\u00e7\u00e3o, Mariana Petronilia de Arruda Pereira, Secret\u00e1ria Municipal de Cultura","indexacao":"","observacao":"","resultado":"","texto_original":"http://sapl.pocone.mt.leg.br/media/sapl/public/materialegislativa/2022/1919/indicacao_vereadora_jossielma_no_009_-_2022.pdf","data_ultima_atualizacao":"2022-08-24T12:47:03.606154-03:00","ip":"201.71.140.251","ultima_edicao":"2022-08-24T12:45:40.922557-03:00","tipo":7,"regime_tramitacao":1,"tipo_origem_externa":7,"local_origem_externa":1,"user":8,"anexadas":[],"autores":[27]}