{"id":17,"__str__":"INDICA\u00c7\u00d5ES n\u00ba 11 de 2019","link_detail_backend":"/materia/17","metadata":{},"numero":11,"ano":2019,"numero_protocolo":null,"data_apresentacao":"2019-01-21","tipo_apresentacao":"","data_publicacao":"2019-02-21","numero_origem_externa":"02","ano_origem_externa":2019,"data_origem_externa":"2019-01-25","apelido":"","dias_prazo":null,"data_fim_prazo":null,"em_tramitacao":false,"polemica":false,"objeto":"","complementar":true,"ementa":"O Vereador que a esta subscreve, nos termos do Regimento Interno desta Casa, ouvido o Plen\u00e1rio, INDICA as Suas Excel\u00eancias o Senhor Ata\u00edl Marques do Amaral, Prefeito Municipal de Pocon\u00e9, a Senhora Ornella Falc\u00e3o, Secret\u00e1ria Municipal de Educa\u00e7\u00e3o, no sentido de viabilizar estudo visando o funcionamento do EJA numa sala anexa da Escola Municipal Catarina Jos\u00e9 da Silva, localizada na Comunidade Laranjal, munic\u00edpio de Pocon\u00e9-MT.","indexacao":"","observacao":"","resultado":"","texto_original":null,"data_ultima_atualizacao":"2019-02-21T13:17:29.827995-03:00","ip":"","ultima_edicao":null,"tipo":7,"regime_tramitacao":1,"tipo_origem_externa":7,"local_origem_externa":1,"user":null,"anexadas":[],"autores":[5]}