{"id":1722,"__str__":"PROJETOS DE LEIS n\u00ba 3 de 2022","link_detail_backend":"/materia/1722","metadata":{},"numero":3,"ano":2022,"numero_protocolo":null,"data_apresentacao":"2022-03-14","tipo_apresentacao":"E","data_publicacao":"2022-03-25","numero_origem_externa":"","ano_origem_externa":2022,"data_origem_externa":"2022-03-14","apelido":"","dias_prazo":null,"data_fim_prazo":null,"em_tramitacao":true,"polemica":false,"objeto":"","complementar":false,"ementa":"\u00ba Fica institu\u00eddo, no \u00e2mbito do Munic\u00edpio de Pocon\u00e9, o Programa\r\nde Apoio \u00e0s Pessoas com Doen\u00e7a de Alzheimer e outras dem\u00eancias e aos seus familiares.","indexacao":"","observacao":"","resultado":"","texto_original":"http://sapl.pocone.mt.leg.br/media/sapl/public/materialegislativa/2022/1722/projeto_de_lei_-_002-2022.pdf","data_ultima_atualizacao":"2022-03-25T10:00:32.315982-03:00","ip":"201.71.140.251","ultima_edicao":"2022-03-25T09:59:24.396272-03:00","tipo":3,"regime_tramitacao":1,"tipo_origem_externa":3,"local_origem_externa":3,"user":8,"anexadas":[],"autores":[23]}