{"id":16,"__str__":"INDICA\u00c7\u00d5ES n\u00ba 10 de 2019","link_detail_backend":"/materia/16","metadata":{},"numero":10,"ano":2019,"numero_protocolo":null,"data_apresentacao":"2019-01-25","tipo_apresentacao":"E","data_publicacao":"2019-02-21","numero_origem_externa":"01","ano_origem_externa":2019,"data_origem_externa":"2019-01-25","apelido":"","dias_prazo":null,"data_fim_prazo":null,"em_tramitacao":false,"polemica":false,"objeto":"","complementar":true,"ementa":"No sentido de viabilizar recursos necess\u00e1rios para a reforma que se faz necess\u00e1rio no pr\u00e9dio da Escola Municipal Catarina Jos\u00e9 da Silva, localizada na Comunidade Laranjal, munic\u00edpio de Pocon\u00e9-MT.","indexacao":"","observacao":"","resultado":"","texto_original":null,"data_ultima_atualizacao":"2019-02-21T13:04:26.588193-03:00","ip":"","ultima_edicao":null,"tipo":7,"regime_tramitacao":1,"tipo_origem_externa":7,"local_origem_externa":1,"user":null,"anexadas":[],"autores":[5]}