{"id":1642,"__str__":"INDICA\u00c7\u00d5ES n\u00ba 33 de 2022","link_detail_backend":"/materia/1642","metadata":{},"numero":33,"ano":2022,"numero_protocolo":null,"data_apresentacao":"2022-03-04","tipo_apresentacao":"E","data_publicacao":"2022-03-17","numero_origem_externa":"","ano_origem_externa":null,"data_origem_externa":"2022-03-04","apelido":"","dias_prazo":null,"data_fim_prazo":null,"em_tramitacao":true,"polemica":false,"objeto":"","complementar":false,"ementa":"O vereador que a esta subscreve, nos termos do Regimento Interno da\r\nCasa, ouvido o Plen\u00e1rio, Indica as Suas Excel\u00eancias Ata\u00edl Marques do Amaral, Prefeito\r\nMunicipal, Ney Rondon Marques, Secret\u00e1rio Municipal de Infraestrutura, a\r\nnecessidade de efetuar reparos que se fazem necess\u00e1rios na estrada que d\u00e1\r\nacesso a Furna, munic\u00edpio de Pocon\u00e9 \u2013 MT.","indexacao":"","observacao":"","resultado":"","texto_original":"http://sapl.pocone.mt.leg.br/media/sapl/public/materialegislativa/2022/1642/indicacao_no_015-_2022.pdf","data_ultima_atualizacao":"2022-03-17T12:39:25.252492-03:00","ip":"201.71.140.251","ultima_edicao":"2022-03-17T12:38:26.246110-03:00","tipo":7,"regime_tramitacao":1,"tipo_origem_externa":null,"local_origem_externa":1,"user":8,"anexadas":[],"autores":[18]}