{"id":1623,"__str__":"INDICA\u00c7\u00d5ES n\u00ba 14 de 2022","link_detail_backend":"/materia/1623","metadata":{},"numero":14,"ano":2022,"numero_protocolo":null,"data_apresentacao":"2022-02-18","tipo_apresentacao":"E","data_publicacao":"2022-02-18","numero_origem_externa":"","ano_origem_externa":null,"data_origem_externa":"2022-02-18","apelido":"","dias_prazo":null,"data_fim_prazo":null,"em_tramitacao":true,"polemica":false,"objeto":"","complementar":false,"ementa":"O Vereador que a esta subscreve, nos termos do Regimento Interno da\r\nCasa, ouvido o Plen\u00e1rio, Indica a Sua Excel\u00eancia Deputado Estadual Dr. Gimenez,\r\nbuscar entendimento e tomadas de provid\u00eancias necess\u00e1rias para viabilizar aquisi\u00e7\u00e3o de\r\numa ambul\u00e2ncia, a ser destinada a Secretaria Municipal de Sa\u00fade de Pocon\u00e9 - MT.","indexacao":"","observacao":"","resultado":"","texto_original":"http://sapl.pocone.mt.leg.br/media/sapl/public/materialegislativa/2022/1623/indicacao_no_002-2022..pdf","data_ultima_atualizacao":"2022-03-17T12:05:01.663684-03:00","ip":"201.71.140.251","ultima_edicao":"2022-03-17T12:00:56.833385-03:00","tipo":7,"regime_tramitacao":1,"tipo_origem_externa":null,"local_origem_externa":2,"user":8,"anexadas":[],"autores":[23]}