{"id":1616,"__str__":"INDICA\u00c7\u00d5ES n\u00ba 7 de 2022","link_detail_backend":"/materia/1616","metadata":{},"numero":7,"ano":2022,"numero_protocolo":null,"data_apresentacao":"2022-03-07","tipo_apresentacao":"E","data_publicacao":"2022-03-16","numero_origem_externa":"","ano_origem_externa":null,"data_origem_externa":"2022-03-07","apelido":"","dias_prazo":null,"data_fim_prazo":null,"em_tramitacao":true,"polemica":false,"objeto":"","complementar":false,"ementa":"O Vereador que a esta subscreve, nos termos do Regimento Interno da\r\nCasa, INDICA as Suas Excel\u00eancias Ata\u00edl Marques do Amaral, Prefeito Municipal, Jos\u00e9\r\nJoadir do Amaral J\u00fanior, Secret\u00e1rio Municipal de Desenvolvimento Urbano e Econ\u00f4mico,\r\nno sentido de viabilizar junto ao \u00f3rg\u00e3o competente, a instala\u00e7\u00e3o de placas de sinaliza\u00e7\u00e3o\r\n\u201cM\u00e3o \u00danica\u201d, na Rua Doutor Eug\u00eanio S\u00e1vio Proc\u00f3pio da Silva, Escola Mundo M\u00e1gico,\r\ncidade de Pocon\u00e9 \u2013 MT, conforme definido pela Lei Municipal n\u00ba 1.974 de 19 de novembro\r\nde 2019, copia anexa, que transforma a Rua Eug\u00eanio S\u00e1vio Proc\u00f3pio da Silva, em m\u00e3o\r\n\u00fanica, sentido pra\u00e7a Ben Rondon a Rua 07 de Setembro.","indexacao":"","observacao":"","resultado":"","texto_original":"http://sapl.pocone.mt.leg.br/media/sapl/public/materialegislativa/2022/1616/indicacao_no_07-2022..pdf","data_ultima_atualizacao":"2022-03-16T13:17:41.151507-03:00","ip":"201.71.140.251","ultima_edicao":"2022-03-16T13:15:55.417386-03:00","tipo":7,"regime_tramitacao":1,"tipo_origem_externa":null,"local_origem_externa":1,"user":8,"anexadas":[],"autores":[19]}