{"id":1559,"__str__":"REQUERIMENTOS COMUNS n\u00ba 13 de 2021","link_detail_backend":"/materia/1559","metadata":{},"numero":13,"ano":2021,"numero_protocolo":null,"data_apresentacao":"2021-08-17","tipo_apresentacao":"E","data_publicacao":"2021-11-10","numero_origem_externa":"009","ano_origem_externa":2021,"data_origem_externa":"2021-08-16","apelido":"","dias_prazo":null,"data_fim_prazo":null,"em_tramitacao":true,"polemica":false,"objeto":"","complementar":true,"ementa":"Exm\u00ba. Sr\u00ba. Presidente da C\u00e2mara Municipal de Pocon\u00e9-MT.\r\nConsiderando que o ve\u00edculo da C\u00e2mara Municipal n\u00e3o tem legisla\u00e7\u00e3o\r\nespec\u00edfica atrav\u00e9s de Projeto de Resolu\u00e7\u00e3o deliberando sobre seu uso;\r\nConsiderando que a Mesa Diretora, n\u00e3o participa das delibera\u00e7\u00f5es sobre o\r\nuso do Veiculo oficial da C\u00e2mara ficando este a disposi\u00e7\u00e3o do presidente;\r\nConsiderando que o Veiculo n\u00e3o foi autorizado a ser usado pelos membros\r\ndas Comiss\u00f5es permanentes;\r\nConsiderando que o Veiculo n\u00e3o foi autorizado seu uso para vereador eleito\r\npara representar o Poder Legislativo em Comiss\u00e3o Municipal;\r\nConsiderando que \u00e9 legal o uso do ve\u00edculo por membros das comiss\u00f5es, por\r\nvereadores em Miss\u00e3o ou interesse da coletividade parlamentar;\r\nConsiderando que o trabalho burocr\u00e1tico e de protocolo, de entrega de\r\ncorrespond\u00eancia pode ser feito pelo office boy usufruindo da Motocicleta adquirida no\r\nano passado;\r\nConsiderando que a Secretaria Municipal de Meio Ambiente necessita de\r\num veiculo para apoio as queimadas durante o per\u00edodo","indexacao":"","observacao":"","resultado":"","texto_original":"http://sapl.pocone.mt.leg.br/media/sapl/public/materialegislativa/2021/1559/requerimento_-no_009-__2021.pdf","data_ultima_atualizacao":"2021-11-10T12:50:24.810717-03:00","ip":"201.71.140.251","ultima_edicao":"2021-11-10T12:49:22.907338-03:00","tipo":5,"regime_tramitacao":1,"tipo_origem_externa":5,"local_origem_externa":1,"user":7,"anexadas":[],"autores":[18]}