{"id":1552,"__str__":"REQUERIMENTOS COMUNS n\u00ba 6 de 2021","link_detail_backend":"/materia/1552","metadata":{},"numero":6,"ano":2021,"numero_protocolo":null,"data_apresentacao":"2021-07-13","tipo_apresentacao":"E","data_publicacao":"2021-11-10","numero_origem_externa":"002","ano_origem_externa":2021,"data_origem_externa":"2021-07-13","apelido":"","dias_prazo":null,"data_fim_prazo":null,"em_tramitacao":true,"polemica":false,"objeto":"","complementar":true,"ementa":"Exm\u00ba. Sr\u00ba. Presidente da C\u00e2mara Municipal de Pocon\u00e9-MT.\r\nO Vereador que a este subscreve, nos termos do Regimento Interno da\r\nCasa, ouvidos o Plen\u00e1rio, REQUER A Senhora Ilma Regina Figueiredo, Secret\u00e1ria\r\nMunicipal de Sa\u00fade de Pocon\u00e9;\r\nConsiderando que a mais de 30 dias o Sindicato dos Banc\u00e1rios e o\r\nComando Nacional dos Banc\u00e1rios, iniciaram as discuss\u00f5es junto ao Ministro da Sa\u00fade,\r\nMarcelo Queiroga, solicitando que os banc\u00e1rios sejam inclu\u00eddos como grupo priorit\u00e1rio\r\nna vacina\u00e7\u00e3o contra a Covid-19;\r\nO Poder Legislativo Requer:\r\nDa Secret\u00e1ria Municipal de Sa\u00fade de Pocon\u00e9;\r\nSe h\u00e1 possibilidades de inclus\u00e3o desses profissionais para receberem a\r\nvacina contra o Covid-19?","indexacao":"","observacao":"","resultado":"","texto_original":"http://sapl.pocone.mt.leg.br/media/sapl/public/materialegislativa/2021/1552/requerimento_-no_002-__2021.pdf","data_ultima_atualizacao":"2021-11-10T12:37:38.731631-03:00","ip":"201.71.140.251","ultima_edicao":"2021-11-10T12:36:47.813511-03:00","tipo":5,"regime_tramitacao":1,"tipo_origem_externa":5,"local_origem_externa":1,"user":7,"anexadas":[],"autores":[18]}