{"id":1529,"__str__":"MO\u00c7\u00c3O DE PESAR n\u00ba 3 de 2021","link_detail_backend":"/materia/1529","metadata":{},"numero":3,"ano":2021,"numero_protocolo":null,"data_apresentacao":"2021-06-08","tipo_apresentacao":"E","data_publicacao":"2021-11-10","numero_origem_externa":"003","ano_origem_externa":2021,"data_origem_externa":"2021-11-10","apelido":"","dias_prazo":null,"data_fim_prazo":null,"em_tramitacao":true,"polemica":false,"objeto":"","complementar":true,"ementa":"Exm. Sr. Presidente da C\u00e2mara Municipal de Pocon\u00e9-MT.\r\nA C\u00e2mara Municipal de Pocon\u00e9, Estado de Mato Grosso, atrav\u00e9s dos\r\nVereadores que a comp\u00f5em leg\u00edtimo representante do povo poconeano apresenta\r\ncondol\u00eancias aos familiares da Senhora Rosangela das Neves e Silva, pelo o seu\r\nfalecimento ocorrido no dia 06 de junho de 2021.","indexacao":"","observacao":"","resultado":"","texto_original":"http://sapl.pocone.mt.leg.br/media/sapl/public/materialegislativa/2021/1529/mocao_de_pesar_benedito_aurelio_003-2021.pdf","data_ultima_atualizacao":"2021-11-10T12:07:38.687124-03:00","ip":"201.71.140.251","ultima_edicao":"2021-11-10T12:06:58.374034-03:00","tipo":8,"regime_tramitacao":1,"tipo_origem_externa":8,"local_origem_externa":3,"user":7,"anexadas":[],"autores":[19]}