{"id":1499,"__str__":"INDICA\u00c7\u00d5ES n\u00ba 332 de 2021","link_detail_backend":"/materia/1499","metadata":{},"numero":332,"ano":2021,"numero_protocolo":null,"data_apresentacao":"2021-08-24","tipo_apresentacao":"E","data_publicacao":"2021-11-10","numero_origem_externa":"068","ano_origem_externa":2021,"data_origem_externa":"2021-11-10","apelido":"","dias_prazo":null,"data_fim_prazo":null,"em_tramitacao":true,"polemica":false,"objeto":"","complementar":true,"ementa":"Exm\u00ba. Sr. Presidente da C\u00e2mara Municipal de Pocon\u00e9-MT.\r\nO Vereador que a esta subscreve, nos termos do Regimento Interno da Casa, \r\nINDICA as Suas Excel\u00eancias Senhores Ata\u00edl Marques do Amaral, Prefeito Municipal, Ney Rondon \r\nMarques, Secret\u00e1rio Municipal de Infraestrutura, a necessidade de buscar entendimentos e \r\ntomadas de provid\u00eancias para inserir nas pe\u00e7as or\u00e7ament\u00e1rias do exerc\u00edcio 2022, projeto, \r\nprevis\u00e3o de dota\u00e7\u00e3o financeira destinada para constru\u00e7\u00e3o de uma Pra\u00e7a P\u00fablica com \u00e1rea de \r\nlazer, parque infantil e academia da melhor idade no bairro S\u00e3o Judas Tadeu, cidade de Pocon\u00e9.","indexacao":"","observacao":"","resultado":"","texto_original":"http://sapl.pocone.mt.leg.br/media/sapl/public/materialegislativa/2021/1499/indicacao_no_068-2021.pdf","data_ultima_atualizacao":"2021-11-10T10:48:50.839790-03:00","ip":"201.71.140.251","ultima_edicao":"2021-11-10T10:48:17.932417-03:00","tipo":7,"regime_tramitacao":1,"tipo_origem_externa":7,"local_origem_externa":1,"user":7,"anexadas":[],"autores":[19]}