{"id":1498,"__str__":"INDICA\u00c7\u00d5ES n\u00ba 331 de 2021","link_detail_backend":"/materia/1498","metadata":{},"numero":331,"ano":2021,"numero_protocolo":null,"data_apresentacao":"2021-08-24","tipo_apresentacao":"E","data_publicacao":"2021-11-10","numero_origem_externa":"067","ano_origem_externa":2021,"data_origem_externa":"2021-11-10","apelido":"","dias_prazo":null,"data_fim_prazo":null,"em_tramitacao":true,"polemica":false,"objeto":"","complementar":true,"ementa":"Exm\u00ba. Sr. Presidente da C\u00e2mara Municipal de Pocon\u00e9-MT.\r\n Vereadores que a esta subscreve, nos termos do Regimento Interno da \r\nCasa, INDICAM a Sua Excel\u00eancia Deputado Federal, Emanuel Pinheiro Neto \r\n\u201cEmanuelzinho\u201d, buscar entendimentos e tomadas de providencias para efetuar \r\nrestaura\u00e7\u00e3o de bancos, ilumina\u00e7\u00e3o e outras melhorias na Pra\u00e7a P\u00fablica S\u00e3o Francisco de \r\nAssis, localizada no bairro Cidade Rosa/COHAB Nova, cidade de Pocon\u00e9-MT.","indexacao":"","observacao":"","resultado":"","texto_original":"http://sapl.pocone.mt.leg.br/media/sapl/public/materialegislativa/2021/1498/indicacao_no_067-2021.pdf","data_ultima_atualizacao":"2021-11-10T10:48:01.991124-03:00","ip":"201.71.140.251","ultima_edicao":"2021-11-10T10:47:13.457723-03:00","tipo":7,"regime_tramitacao":1,"tipo_origem_externa":7,"local_origem_externa":2,"user":7,"anexadas":[],"autores":[19]}