{"id":1495,"__str__":"INDICA\u00c7\u00d5ES n\u00ba 328 de 2021","link_detail_backend":"/materia/1495","metadata":{},"numero":328,"ano":2021,"numero_protocolo":null,"data_apresentacao":"2021-08-17","tipo_apresentacao":"E","data_publicacao":"2021-11-10","numero_origem_externa":"064","ano_origem_externa":2021,"data_origem_externa":"2021-11-10","apelido":"","dias_prazo":null,"data_fim_prazo":null,"em_tramitacao":true,"polemica":false,"objeto":"","complementar":true,"ementa":"Exm\u00ba. Sr. Presidente da C\u00e2mara Municipal de Pocon\u00e9-MT.\r\nO Vereador que a este subscreve, nos termos do Regimento Interno da \r\nCasa, ouvindo o Plen\u00e1rio, Indica as Suas Excel\u00eancias Senhores Ata\u00edl Marques do Amaral, \r\nPrefeito Municipal, Ney Rondon Marques, Secret\u00e1rio Municipal de Infraestrutura, a \r\nnecessidade de buscar entendimentos e tomadas de provid\u00eancias junto ao Governo do \r\nEstado, Secretaria de Estado de Infraestrutura, Deputados Estaduais, Federais, \r\nSenadores no sentido de viabilizar recursos or\u00e7ament\u00e1rios do Estado, Uni\u00e3o, via emenda \r\nparlamentar para que a Prefeitura Municipal priorize as obras de complementa\u00e7\u00e3o \r\nasfalto, meio fio, sarjeta, canteiros, ilumina\u00e7\u00e3o e estacionamento na Avenida dom \r\nAquino, cidade de Pocon\u00e9 \u2013 MT.","indexacao":"","observacao":"","resultado":"","texto_original":"http://sapl.pocone.mt.leg.br/media/sapl/public/materialegislativa/2021/1495/indicacao_no_064-2021.pdf","data_ultima_atualizacao":"2021-11-10T10:45:31.472855-03:00","ip":"201.71.140.251","ultima_edicao":"2021-11-10T10:44:59.782966-03:00","tipo":7,"regime_tramitacao":1,"tipo_origem_externa":7,"local_origem_externa":1,"user":7,"anexadas":[],"autores":[19]}