{"id":1492,"__str__":"INDICA\u00c7\u00d5ES n\u00ba 326 de 2021","link_detail_backend":"/materia/1492","metadata":{},"numero":326,"ano":2021,"numero_protocolo":null,"data_apresentacao":"2021-09-21","tipo_apresentacao":"E","data_publicacao":"2021-11-10","numero_origem_externa":"026","ano_origem_externa":2021,"data_origem_externa":"2021-11-10","apelido":"","dias_prazo":null,"data_fim_prazo":null,"em_tramitacao":true,"polemica":false,"objeto":"","complementar":true,"ementa":"Exm\u00ba. Sr\u00ba. Presidente da C\u00e2mara Municipal de Pocon\u00e9-MT.\r\nVereadores que a esta subscreve, nos termos do Regimento Interno, ouvido \r\no Plen\u00e1rio, INDICAM as Suas Excel\u00eancias Ata\u00edl Marques do Amaral, Prefeito Municipal, \r\nDanielle Assis Carvalho, Secret\u00e1ria Municipal de Meio Ambiente, Ney Rondon Marques, \r\nSecret\u00e1rio Municipal de Infraestrutura, Manoel Salvador Pereira Leite, Secret\u00e1rio \r\nMunicipal de Turismo, no sentido de buscar entendimentos e tomadas de provid\u00eancias a \r\nfim de buscar recursos financeiros junto ao Governo Estadual/Secretaria de Estado de \r\nMeio Ambiente, parceria com a Ag\u00eancia Nacional de \u00c1gua, SESC Pantanal, \r\nCooperpocon\u00e9, Concession\u00e1ria \u00c1guas de Pocon\u00e9, objetivando a revitaliza\u00e7\u00e3o do Parque \r\nTem\u00e1tico, localizado no bairro S\u00e3o Benedito, cidade de Pocon\u00e9 \u2013 MT, com a finalidade de \r\noferecer espa\u00e7o apropriado para turismo pedag\u00f3gico e escolar, passeios educativos e \r\ntur\u00edsticos.","indexacao":"","observacao":"","resultado":"","texto_original":"http://sapl.pocone.mt.leg.br/media/sapl/public/materialegislativa/2021/1492/indicacao_no_026-2021.pdf","data_ultima_atualizacao":"2021-11-10T10:40:20.847289-03:00","ip":"201.71.140.251","ultima_edicao":"2021-11-10T10:39:50.849118-03:00","tipo":7,"regime_tramitacao":1,"tipo_origem_externa":7,"local_origem_externa":1,"user":7,"anexadas":[],"autores":[20]}