{"id":1489,"__str__":"INDICA\u00c7\u00d5ES n\u00ba 323 de 2021","link_detail_backend":"/materia/1489","metadata":{},"numero":323,"ano":2021,"numero_protocolo":null,"data_apresentacao":"2021-08-24","tipo_apresentacao":"E","data_publicacao":"2021-11-10","numero_origem_externa":"023","ano_origem_externa":2021,"data_origem_externa":"2021-11-10","apelido":"","dias_prazo":null,"data_fim_prazo":null,"em_tramitacao":true,"polemica":false,"objeto":"","complementar":true,"ementa":"Exm\u00ba. Sr\u00ba. Presidente da C\u00e2mara Municipal de Pocon\u00e9-MT.\r\nOs Vereadores que a esta subscreve, nos termos do Regimento Interno desta Casa, \r\nouvido o Plen\u00e1rio, INDICAM as Suas Excel\u00eancias Ata\u00edl Marques do Amaral, Prefeito Municipal, \r\nNey Rondon Marques, Secret\u00e1rio Municipal de Infraestrutura, no sentido de buscar \r\nentendimentos e tomadas de provid\u00eancias, para determinar ao setor competente agilizar \r\nelabora\u00e7\u00e3o de projetos, documentos relacionados aos servi\u00e7os de adequa\u00e7\u00e3o, revitaliza\u00e7\u00e3o na \r\nPra\u00e7a P\u00fablica \u201cPadre Manoel Francisco de Arruda Bastos\u201d, Pra\u00e7a da Bandeira e do espa\u00e7o p\u00fablico \r\nque liga a citada pra\u00e7a a Rua Intendente Antonio Jo\u00e3o, cidade de Pocon\u00e9 \u2013 MT.","indexacao":"","observacao":"","resultado":"","texto_original":"http://sapl.pocone.mt.leg.br/media/sapl/public/materialegislativa/2021/1489/indicacao_no_023-2021.pdf","data_ultima_atualizacao":"2021-11-10T10:37:51.997028-03:00","ip":"201.71.140.251","ultima_edicao":"2021-11-10T10:36:51.280771-03:00","tipo":7,"regime_tramitacao":1,"tipo_origem_externa":7,"local_origem_externa":1,"user":7,"anexadas":[],"autores":[20]}