{"id":1485,"__str__":"INDICA\u00c7\u00d5ES n\u00ba 319 de 2021","link_detail_backend":"/materia/1485","metadata":{},"numero":319,"ano":2021,"numero_protocolo":null,"data_apresentacao":"2021-10-26","tipo_apresentacao":"E","data_publicacao":null,"numero_origem_externa":"111","ano_origem_externa":2021,"data_origem_externa":"2021-11-08","apelido":"","dias_prazo":null,"data_fim_prazo":null,"em_tramitacao":true,"polemica":false,"objeto":"","complementar":true,"ementa":"Exm\u00ba. Sr. Presidente da C\u00e2mara Municipal de Pocon\u00e9-MT.\r\n \r\nO vereador que a esta subscreve, nos termos do Regimento Interno da \r\nCasa, INDICA as Suas Excel\u00eancias Ata\u00edl Marques do Amaral, Prefeito Municipal, Jorge \r\nGet\u00falio da Silva, Secret\u00e1rio Municipal de Desenvolvimento Agropecu\u00e1rio e Rural, a \r\nnecessidade de atender os pequenos produtores rurais dos Programas de \r\nAssentamentos Favo de Mel e Cumbaru, com servi\u00e7os de gradeagem, visando o \r\nfortalecimento da agricultura familiar.","indexacao":"","observacao":"","resultado":"","texto_original":"http://sapl.pocone.mt.leg.br/media/sapl/public/materialegislativa/2021/1485/indicacao_-_no_111-2021.pdf","data_ultima_atualizacao":"2021-11-08T11:39:25.211956-03:00","ip":"201.71.140.251","ultima_edicao":"2021-11-08T11:38:02.996288-03:00","tipo":7,"regime_tramitacao":1,"tipo_origem_externa":7,"local_origem_externa":1,"user":7,"anexadas":[],"autores":[21]}