{"id":1479,"__str__":"INDICA\u00c7\u00d5ES n\u00ba 313 de 2021","link_detail_backend":"/materia/1479","metadata":{},"numero":313,"ano":2021,"numero_protocolo":null,"data_apresentacao":"2021-09-14","tipo_apresentacao":"E","data_publicacao":"2021-11-05","numero_origem_externa":"105","ano_origem_externa":2021,"data_origem_externa":"2021-11-05","apelido":"","dias_prazo":null,"data_fim_prazo":null,"em_tramitacao":true,"polemica":false,"objeto":"","complementar":true,"ementa":"Exm\u00ba. Sr. Presidente da C\u00e2mara Municipal de Pocon\u00e9-MT. \r\nO vereador que a esta subscreve, nos termos do Regimento Interno da \r\nCasa, INDICA as Suas Excel\u00eancias Ata\u00edl Marques do Amaral, Prefeito Municipal, \r\nViviane Cristina da Silva Lemes, Secret\u00e1ria Municipal de Planejamento e \r\nAdministra\u00e7\u00e3o, Ornella Ros\u00e1rio Proen\u00e7a Moraes Falc\u00e3o, Secret\u00e1ria Municipal de \r\nEduca\u00e7\u00e3o, a necessidade de buscar entendimentos e tomadas de providencias para \r\nviabilizar estudo visando revis\u00e3o, altera\u00e7\u00e3o e reorganiza\u00e7\u00e3o dos planos de cargos, \r\ncarreiras e sal\u00e1rios dos profissionais de educa\u00e7\u00e3o b\u00e1sica do munic\u00edpio de Pocon\u00e9 e \r\ndos profissionais da administra\u00e7\u00e3o p\u00fablica municipal, a fim de adequ\u00e1-los a nova \r\nrealidade do munic\u00edpio de Pocon\u00e9, estendendo a todos os servidores direitos e \r\nbenef\u00edcios conquistados ap\u00f3s as edi\u00e7\u00f5es dos planos.","indexacao":"","observacao":"","resultado":"","texto_original":"http://sapl.pocone.mt.leg.br/media/sapl/public/materialegislativa/2021/1479/indicacao_-_no_105-2021.pdf","data_ultima_atualizacao":"2021-11-05T13:44:53.814111-03:00","ip":"201.71.140.251","ultima_edicao":"2021-11-05T13:44:00.848697-03:00","tipo":7,"regime_tramitacao":1,"tipo_origem_externa":7,"local_origem_externa":1,"user":7,"anexadas":[],"autores":[21]}