{"id":1478,"__str__":"INDICA\u00c7\u00d5ES n\u00ba 312 de 2021","link_detail_backend":"/materia/1478","metadata":{},"numero":312,"ano":2021,"numero_protocolo":null,"data_apresentacao":"2021-09-14","tipo_apresentacao":"E","data_publicacao":"2021-11-05","numero_origem_externa":"104","ano_origem_externa":2021,"data_origem_externa":"2021-11-05","apelido":"","dias_prazo":null,"data_fim_prazo":null,"em_tramitacao":true,"polemica":false,"objeto":"","complementar":true,"ementa":"Exm\u00ba. Sr. Presidente da C\u00e2mara Municipal de Pocon\u00e9-MT. \r\nO vereador que a esta subscreve, nos termos do Regimento Interno da \r\nCasa, INDICA as Suas Excel\u00eancias Senhores Ata\u00edl Marques do Amaral, Deputados \r\nEstaduais Doutor Jo\u00e3o, Thiago Silva, Jana\u00edna Riva, a Empresa Energisa, a \r\nnecessidade de buscar entendimentos e tomadas de providencias para melhorar a \r\nqualidade do servi\u00e7o de energia prestado pela Empresa Energisa - MT na regi\u00e3o do \r\nPorto Cercado, imedia\u00e7\u00f5es da Estrada Armando Gomes Ferreira Mendes, Moqu\u00e9m at\u00e9 \r\nao S\u00e3o Miguel, munic\u00edpio de Pocon\u00e9 \u2013 MT, em raz\u00e3o de que constantemente estas \r\nregi\u00f5es ficam sem energia por mais de 03 dias, como ocorrido nos dias 04, 05 e 06 de \r\nsetembro, foi interrompido o fornecimento de energia na regi\u00e3o e que v\u00e1rias pessoas \r\nsofreram com a interrup\u00e7\u00e3o do servi\u00e7o, trazendo preju\u00edzos consider\u00e1veis aos \r\nresidentes, como danifica\u00e7\u00f5es em eletrodom\u00e9sticos, abastecimentos de caixas de \r\n\u00e1guas, noites sem dormir, devido forte calor nas regi\u00f5es, pelo o que solici","indexacao":"","observacao":"","resultado":"","texto_original":"http://sapl.pocone.mt.leg.br/media/sapl/public/materialegislativa/2021/1478/indicacao_-_no_104-2021.pdf","data_ultima_atualizacao":"2021-11-05T13:43:51.204307-03:00","ip":"201.71.140.251","ultima_edicao":"2021-11-05T13:42:32.089083-03:00","tipo":7,"regime_tramitacao":1,"tipo_origem_externa":7,"local_origem_externa":2,"user":7,"anexadas":[],"autores":[21]}