{"id":1475,"__str__":"INDICA\u00c7\u00d5ES n\u00ba 309 de 2021","link_detail_backend":"/materia/1475","metadata":{},"numero":309,"ano":2021,"numero_protocolo":null,"data_apresentacao":"2021-08-24","tipo_apresentacao":"E","data_publicacao":"2021-11-05","numero_origem_externa":"101","ano_origem_externa":2021,"data_origem_externa":"2021-11-05","apelido":"","dias_prazo":null,"data_fim_prazo":null,"em_tramitacao":true,"polemica":false,"objeto":"","complementar":true,"ementa":"Exm\u00ba. Sr. Presidente da C\u00e2mara Municipal de Pocon\u00e9-MT. \r\nOs Vereadores que a esta subscreve, nos termos do Regimento Interno \r\nda Casa, INDICAM as Suas Excel\u00eancias Ata\u00edl Marques do Amaral, Prefeito Municipal,\r\nDeputado Federal, Carlos Bezerra, no sentido de buscar entendimento para viabilizar \r\nrecursos or\u00e7ament\u00e1rios do Estado, da Uni\u00e3o ou via emenda parlamentar para \r\nservi\u00e7os de asfalto, meio fio e sarjeta em vias p\u00fablicas localizadas no Jardim \r\nPrimavera, bairro Cruz Preta, cidade de Pocon\u00e9/MT.","indexacao":"","observacao":"","resultado":"","texto_original":"http://sapl.pocone.mt.leg.br/media/sapl/public/materialegislativa/2021/1475/indicacao_-_no_101-2021.pdf","data_ultima_atualizacao":"2021-11-05T13:37:50.354328-03:00","ip":"201.71.140.251","ultima_edicao":"2021-11-05T13:36:56.646743-03:00","tipo":7,"regime_tramitacao":1,"tipo_origem_externa":7,"local_origem_externa":1,"user":7,"anexadas":[],"autores":[21]}