{"id":1474,"__str__":"INDICA\u00c7\u00d5ES n\u00ba 308 de 2021","link_detail_backend":"/materia/1474","metadata":{},"numero":308,"ano":2021,"numero_protocolo":null,"data_apresentacao":"2021-08-10","tipo_apresentacao":"E","data_publicacao":"2021-11-05","numero_origem_externa":"100","ano_origem_externa":2021,"data_origem_externa":"2021-11-05","apelido":"","dias_prazo":null,"data_fim_prazo":null,"em_tramitacao":true,"polemica":false,"objeto":"","complementar":true,"ementa":"Exm\u00ba. Sr. Presidente da C\u00e2mara Municipal de Pocon\u00e9-MT. \r\nO vereador que a esta subscreve, nos termos do Regimento Interno da \r\nCasa, INDICA as Suas Excel\u00eancias Ata\u00edl Marques do Amaral, Prefeito Municipal, \r\nOrnella Ros\u00e1rio Proen\u00e7a Moraes Falc\u00e3o, Secret\u00e1ria Municipal de Educa\u00e7\u00e3o, estudar a \r\nviabilidade de estabelecer aos profissionais de educa\u00e7\u00e3o professor efetivo o regime de \r\ntrabalho com carga hor\u00e1ria de 15 horas semanais.","indexacao":"","observacao":"","resultado":"","texto_original":"http://sapl.pocone.mt.leg.br/media/sapl/public/materialegislativa/2021/1474/indicacao_-_no_100-2021.pdf","data_ultima_atualizacao":"2021-11-05T13:36:42.848503-03:00","ip":"201.71.140.251","ultima_edicao":"2021-11-05T13:35:48.258298-03:00","tipo":7,"regime_tramitacao":1,"tipo_origem_externa":7,"local_origem_externa":1,"user":7,"anexadas":[],"autores":[21]}